{"id":21407,"date":"2024-09-26T19:38:57","date_gmt":"2024-09-26T17:38:57","guid":{"rendered":"https:\/\/www.astor.com.pl\/poradnikautomatyka\/?p=21407"},"modified":"2024-10-22T14:13:02","modified_gmt":"2024-10-22T12:13:02","slug":"nowa-seria-komputerow-przemyslowych-astraada-z-procesorami-intel-11-generacji","status":"publish","type":"post","link":"https:\/\/www.astor.com.pl\/poradnikautomatyka\/nowa-seria-komputerow-przemyslowych-astraada-z-procesorami-intel-11-generacji\/","title":{"rendered":"Nowa seria komputer\u00f3w przemys\u0142owych Astraada z procesorami Intel 11 generacji"},"content":{"rendered":"\n<div style=\"height:30px\" aria-hidden=\"true\" class=\"wp-block-spacer\"><\/div>\n\n\n\n<p>Ze wzgl\u0119du na zako\u0144czenie produkcji procesor\u00f3w i5-7200U prekonfigurowane komputery Astraada z serii AS56A (Performance) przechodz\u0105 w stan EOL (End Of Life). W ich miejsce na rynku pojawia si\u0119 nowa seria Astraada AS56PCC. Poni\u017cej omawiamy najwa\u017cniejsze wprowadzone w niej nowo\u015bci.<\/p>\n\n\n\n<div style=\"height:30px\" aria-hidden=\"true\" class=\"wp-block-spacer\"><\/div>\n\n\n\n<h2 class=\"wp-block-heading\">Modu\u0142owa konstrukcja, czyli takie same wymiary monta\u017cowe w nowej serii<\/h2>\n\n\n\n<p>Ze wzgl\u0119du na stosowanie w komputerach Astraada modu\u0142owej konstrukcji, <strong>front IPC pozostaje taki<\/strong> <strong>sam<\/strong>, a co za tym idzie, <strong>otw\u00f3r monta\u017cowy r\u00f3wnie\u017c nie ulega zmianie.<\/strong> Zachowanie tego samego otworu monta\u017cowego umo\u017cliwia \u0142atw\u0105 wymian\u0119 komputer\u00f3w, co jest wa\u017cne w kontek\u015bcie konserwacji oraz modernizacji maszyn i instalacji.<\/p>\n\n\n\n<p>R\u00f3wnie\u017c przy projektowaniu nowych aplikacji mo\u017cna zachowa\u0107 ten sam standard, co u\u0142atwia standaryzacj\u0119 w obr\u0119bie floty komputer\u00f3w oraz serwisowanie i zarz\u0105dzanie nimi.<\/p>\n\n\n\n<p>W komputerach z serii AS56PCC zmienia si\u0119 jedynie jednostka centralna \u2013 doczeka\u0142a si\u0119 ona znacz\u0105cego uaktualnienia. Wykorzystuje ona procesory Intel\u00ae Core\u2122 i3, i5 oraz i7 z 8 lub 11 generacji.<\/p>\n\n\n\n<div style=\"height:30px\" aria-hidden=\"true\" class=\"wp-block-spacer\"><\/div>\n\n\n<div class=\"wp-block-image\">\n<figure class=\"aligncenter size-full\"><img loading=\"lazy\" decoding=\"async\" width=\"640\" height=\"640\" src=\"https:\/\/www.astor.com.pl\/poradnikautomatyka\/wp-content\/uploads\/2024\/09\/image1.jpg\" alt=\"\" class=\"wp-image-21414\" srcset=\"https:\/\/www.astor.com.pl\/poradnikautomatyka\/wp-content\/uploads\/2024\/09\/image1.jpg 640w, https:\/\/www.astor.com.pl\/poradnikautomatyka\/wp-content\/uploads\/2024\/09\/image1-301x301.jpg 301w, https:\/\/www.astor.com.pl\/poradnikautomatyka\/wp-content\/uploads\/2024\/09\/image1-501x501.jpg 501w\" sizes=\"auto, (max-width: 640px) 100vw, 640px\" \/><figcaption class=\"wp-element-caption\"><em>Modu\u0142owa konstrukcja komputer\u00f3w AS56A\/AS56PCC. \u0179r\u00f3d\u0142o: ASTOR<\/em><\/figcaption><\/figure>\n<\/div>\n\n\n<div class=\"link-box d-flex align-items-center\">\r\n\t\t\t\t\t\t\t<img decoding=\"async\" src=\"https:\/\/www.astor.com.pl\/poradnikautomatyka\/wp-content\/themes\/poradnik\/public\/images\/icons\/icon-link.svg\" alt=\"arrow\" class=\"ml-3\">\r\n\t\t\t\t\t\t\t<\/a>\r\n\t\t\t\t\t\t\t<div><p>Dowiedz si\u0119 wi\u0119cej o <a href=\"https:\/\/www.astor.com.pl\/oferta\/automatyzacja\/komputery-przemyslowe\/astraada-pc.html\" target=\"_blank\" rel=\"noopener\">komputerach przemys\u0142owych Astraada PC<\/a>.<\/p>\n<\/div>\r\n\t\t\t\t\t<\/div>\r\n\t\n\n\n\n<div style=\"height:30px\" aria-hidden=\"true\" class=\"wp-block-spacer\"><\/div>\n\n\n\n<h2 class=\"wp-block-heading\">Wi\u0119ksze mo\u017cliwo\u015bci obliczeniowe<\/h2>\n\n\n\n<p>W prekonfigurowanych modelach znalaz\u0142 si\u0119 procesor I5-11500T, kt\u00f3ry zast\u0105pi\u0142 stosowany w poprzedniej serii model i5-7200U. Procesor i5-11500T jest oparty na nowszej architekturze, co przek\u0142ada si\u0119 na lepsz\u0105 wydajno\u015b\u0107 w obliczeniach i szybsze wykonywanie zada\u0144. Posiada wi\u0119cej rdzeni i w\u0105tk\u00f3w (6 rdzeni, 12 w\u0105tk\u00f3w) w por\u00f3wnaniu do i5-7200U (2 rdzenie, 4 w\u0105tki), co znacznie poprawia wielozadaniowo\u015b\u0107.<\/p>\n\n\n\n<p>Dzi\u0119ki niskiemu TDP procesor i5-11500T jest zoptymalizowany pod k\u0105tem ni\u017cszego zu\u017cycia energii przy zachowaniu wysokiej wydajno\u015bci, co jest wa\u017cne w zastosowaniach przemys\u0142owych, gdzie efektywno\u015b\u0107 energetyczna ma du\u017ce znaczenie. Tak jak poprzednik \u2013 seria AS56PCC nie ma wbudowanego wentylatora. Komputer jest ch\u0142odzony pasywnie.<\/p>\n\n\n\n<div style=\"height:30px\" aria-hidden=\"true\" class=\"wp-block-spacer\"><\/div>\n\n\n\n<figure class=\"wp-block-table\"><table><tbody><tr><td>&nbsp;<\/td><td>Intel Core i5-7200U @ 2,5 GHz<\/td><td>Intel Core i5-11500T @ 1,5 GHz<\/td><\/tr><tr><td>Typ gniazda<\/td><td>FCBGA1356<\/td><td>FCLGA1200<\/td><\/tr><tr><td>Zegar<\/td><td>2,5 GHz<\/td><td>1,5 GHz<\/td><\/tr><tr><td>Zegar turbo<\/td><td>do 3,1 GHz<\/td><td>do 3,9 GHz<\/td><\/tr><tr><td>Rdzenie fizyczne<\/td><td>2 (4 w\u0105tki)<\/td><td>6 (12 w\u0105tk\u00f3w)<\/td><\/tr><tr><td>Cache<\/td><td>L1: 128 KB, L2: 0,5 MB, L3: 3 MB<\/td><td>L1: 480 KB, L2: 3 MB, L3: 12MB<\/td><\/tr><tr><td>TDP<\/td><td>15 W<\/td><td>35 W<\/td><\/tr><tr><td>CPU Mark<\/td><td>3386<\/td><td>13035<\/td><\/tr><tr><td>Wydajno\u015b\u0107 pojedynczego rdzenia wg CPU Benchmark<\/td><td>1749<\/td><td>2558<\/td><\/tr><\/tbody><\/table><figcaption class=\"wp-element-caption\">Por\u00f3wnanie procesor\u00f3w i5-7200U (AS56A) oraz i5-11500T (AS56PCC) wed\u0142ug rankingu <a href=\"https:\/\/www.cpubenchmark.net\/\" target=\"_blank\" rel=\"noreferrer noopener\">CPU Benchmark.<\/a><\/figcaption><\/figure>\n\n\n\n<div style=\"height:30px\" aria-hidden=\"true\" class=\"wp-block-spacer\"><\/div>\n\n\n\n<p>Dzi\u0119ki zastosowaniu nowszego procesora jednostka obs\u0142uguje r\u00f3wnie\u017c nowsze standardy pami\u0119\u0107 RAM DDR4 (2400MHz). Do dyspozycji s\u0105 dwa sloty, umo\u017cliwiaj\u0105ce zainstalowanie \u0142\u0105cznie 32 GB RAM. W prekonfigurowanych modelach znajdziemy 16 GB RAM z mo\u017cliwo\u015bci\u0105 rozbudowy. Poprzednik posiada\u0142 wbudowane 8 GB RAM bez mo\u017cliwo\u015bci rozszerzenia.<\/p>\n\n\n\n<p>Wi\u0119ksza ilo\u015b\u0107 RAM umo\u017cliwi obs\u0142ug\u0119 wi\u0119kszej liczby aplikacji i proces\u00f3w oraz ich p\u0142ynniejsze dzia\u0142anie, a tak\u017ce zapewni ewentualn\u0105 rezerw\u0119 mocy na rozbudow\u0119 aplikacji.<\/p>\n\n\n\n<div style=\"height:30px\" aria-hidden=\"true\" class=\"wp-block-spacer\"><\/div>\n\n\n\n<h2 class=\"wp-block-heading\">\u0141atwiejsza wymiana danych, czyli nowsze standardy port\u00f3w komunikacyjnych<\/h2>\n\n\n\n<p>W komputerach panelowych Astraada PCC\/PCR wbudowanych jest 6 port\u00f3w USB (4 porty USB 3.0 i dwa porty USB 2.0) oraz trzy gigabitowe (1000 Mbps) porty Ethernet. Znajdziemy tutaj r\u00f3wnie\u017c port HDMI, pozwalaj\u0105cy na przesy\u0142anie obrazu o rozdzielczo\u015bci 1920&#215;1080 i cz\u0119stotliwo\u015bci 60Hz.<br>Dzi\u0119ki gniazdu rozszerze\u0144 Mini PCIe mo\u017cliwa jest \u0142atwa rozbudowa komputera (wspierane s\u0105 modu\u0142y WiFi oraz 4G).<\/p>\n\n\n\n<div style=\"height:30px\" aria-hidden=\"true\" class=\"wp-block-spacer\"><\/div>\n\n\n<div class=\"wp-block-image\">\n<figure class=\"aligncenter size-full\"><img loading=\"lazy\" decoding=\"async\" width=\"794\" height=\"568\" src=\"https:\/\/www.astor.com.pl\/poradnikautomatyka\/wp-content\/uploads\/2024\/10\/AS56PCC185_porty.png\" alt=\"\" class=\"wp-image-21468\" srcset=\"https:\/\/www.astor.com.pl\/poradnikautomatyka\/wp-content\/uploads\/2024\/10\/AS56PCC185_porty.png 794w, https:\/\/www.astor.com.pl\/poradnikautomatyka\/wp-content\/uploads\/2024\/10\/AS56PCC185_porty-768x549.png 768w\" sizes=\"auto, (max-width: 794px) 100vw, 794px\" \/><\/figure>\n<\/div>\n\n\n<div style=\"height:30px\" aria-hidden=\"true\" class=\"wp-block-spacer\"><\/div>\n\n\n\n<p>Komputer jest wyposa\u017cony w 4 porty RS-232\/RS-485, kt\u00f3re w \u0142atwy spos\u00f3b mo\u017cna prze\u0142\u0105cza\u0107 za pomoc\u0105 wbudowanego switcha.<\/p>\n\n\n\n<div style=\"height:30px\" aria-hidden=\"true\" class=\"wp-block-spacer\"><\/div>\n\n\n<div class=\"wp-block-image\">\n<figure class=\"aligncenter size-full\"><img loading=\"lazy\" decoding=\"async\" width=\"640\" height=\"640\" src=\"https:\/\/www.astor.com.pl\/poradnikautomatyka\/wp-content\/uploads\/2024\/09\/image4.jpg\" alt=\"\" class=\"wp-image-21416\" srcset=\"https:\/\/www.astor.com.pl\/poradnikautomatyka\/wp-content\/uploads\/2024\/09\/image4.jpg 640w, https:\/\/www.astor.com.pl\/poradnikautomatyka\/wp-content\/uploads\/2024\/09\/image4-301x301.jpg 301w, https:\/\/www.astor.com.pl\/poradnikautomatyka\/wp-content\/uploads\/2024\/09\/image4-501x501.jpg 501w\" sizes=\"auto, (max-width: 640px) 100vw, 640px\" \/><\/figure>\n<\/div>\n\n\n<div style=\"height:30px\" aria-hidden=\"true\" class=\"wp-block-spacer\"><\/div>\n\n\n\n<p><br>Komputer posiada tak\u017ce wbudowane 8 wej\u015b\u0107 i 8 wyj\u015b\u0107 cyfrowych.<\/p>\n\n\n\n<div style=\"height:30px\" aria-hidden=\"true\" class=\"wp-block-spacer\"><\/div>\n\n\n<div class=\"wp-block-image\">\n<figure class=\"aligncenter size-full\"><img loading=\"lazy\" decoding=\"async\" width=\"640\" height=\"640\" src=\"https:\/\/www.astor.com.pl\/poradnikautomatyka\/wp-content\/uploads\/2024\/09\/image5.jpg\" alt=\"\" class=\"wp-image-21417\" srcset=\"https:\/\/www.astor.com.pl\/poradnikautomatyka\/wp-content\/uploads\/2024\/09\/image5.jpg 640w, https:\/\/www.astor.com.pl\/poradnikautomatyka\/wp-content\/uploads\/2024\/09\/image5-301x301.jpg 301w, https:\/\/www.astor.com.pl\/poradnikautomatyka\/wp-content\/uploads\/2024\/09\/image5-501x501.jpg 501w\" sizes=\"auto, (max-width: 640px) 100vw, 640px\" \/><\/figure>\n<\/div>\n\n\n<div style=\"height:30px\" aria-hidden=\"true\" class=\"wp-block-spacer\"><\/div>\n\n\n\n<h2 class=\"wp-block-heading\">Podobie\u0144stwa i r\u00f3\u017cnice pomi\u0119dzy seriami<\/h2>\n\n\n\n<p>Seria AS56PCC zosta\u0142a rozbudowana o kilka nowych przek\u0105tnych ekranu. Znalaz\u0142a si\u0119 tutaj bardzo popularna na rynku przek\u0105tna 15,6\u201d o rozdzielczo\u015bci Full HD, czy przek\u0105tna 19\u201d. &nbsp;Dodatkowo w przek\u0105tnej 18,5\u201d rozdzielczo\u015b\u0107 zmieni\u0142a si\u0119 na Full HD. Dzi\u0119ki temu seria b\u0119dzie mog\u0142a zosta\u0107 \u0142atwiej dopasowana do nowych instalacji.<\/p>\n\n\n\n<div style=\"height:30px\" aria-hidden=\"true\" class=\"wp-block-spacer\"><\/div>\n\n\n\n<figure class=\"wp-block-table\"><table><tbody><tr><td><strong>Parametr<\/strong><\/td><td><strong>Seria AS56A (Performance)<\/strong><\/td><td><strong>Seria AS56PCC\/AS56PCR<\/strong><\/td><\/tr><tr><td>Rozmiar ekranu<\/td><td>10,4\u201d (1024 x 768 px)<br>12,1\u201d (1024 x 768 px)<br>15\u201d (1024 x 768 px)<br><br>17\u201d (1280 x 1024 px)<br>18,5\u201d (1366*768)<br><br>21,5\u201d (1920 x 1080 px)<\/td><td>10,4\u201d (1024 x 768 px)<br>12,1\u201d (1024 x 768 px)<br>15\u201d (1024 x 768 px)<br>15,6\u201d (1920 x 1080 px)<br>17\u201d (1280 x 1024 px)<br>18,5\u201d (1920 x 1080 px)<br>19\u201d&nbsp; (1280 x 1024 px)<br>21,5\u201d (1920 x 1080 px)<\/td><\/tr><tr><td>Matryca dotykowa<\/td><td>Pojemno\u015bciowa lub rezystancyjna<\/td><td>AS56 PCC \u2013 pojemno\u015bciowa AS56PCR \u2013 rezystancyjna<\/td><\/tr><tr><td>CPU<\/td><td>Intel i5-7200U<\/td><td><strong>Intel i5-11500T<\/strong><\/td><\/tr><tr><td>Pami\u0119\u0107 RAM<\/td><td>8 GB RAM<\/td><td><strong>16 GB RAM<\/strong><\/td><\/tr><tr><td>Dysk twardy<\/td><td>256 GB SSD<\/td><td>256 GB SSD<\/td><\/tr><tr><td>System operacyjny<\/td><td>WIN 10 PRO<\/td><td>WIN 10 PRO (Windows 11 opcja)<\/td><\/tr><tr><td>Interfejsy szeregowe<\/td><td>2x RS-232\/RS-485<\/td><td><strong>4x<\/strong> RS-232\/RS-485<\/td><\/tr><tr><td>Porty Ethernet<\/td><td>2x Intel 1000Mbps<\/td><td><strong>3x<\/strong> Intel 1000Mbps<\/td><\/tr><tr><td>Porty USB<\/td><td>4x USB 3.0, 2x USB 2.0<\/td><td>4x USB 3.0, 2x USB 2.0<\/td><\/tr><tr><td>Dodatkowe porty<\/td><td>DVI, VGA, Mini-PCIe, PS2, Audio<\/td><td><strong>HDMI<\/strong>, Mini-PCIe, <strong>8 DI, 8 DO<\/strong><\/td><\/tr><tr><td>Temperatura pracy<\/td><td>0 ~ 50\u00b0C<\/td><td>0 ~ 50\u00b0C<\/td><\/tr><tr><td>Stopie\u0144 ochrony<\/td><td>Front IP65<\/td><td>Front IP65<\/td><\/tr><tr><td>Napi\u0119cie zasilania<\/td><td>12-24 VDC<\/td><td>12-24 VDC<\/td><\/tr><\/tbody><\/table><\/figure>\n\n\n\n<div style=\"height:50px\" aria-hidden=\"true\" class=\"wp-block-spacer\"><\/div>\n\n\n\n<iframe loading=\"lazy\" width=\"900\" height=\"506\" src=\"https:\/\/www.youtube.com\/embed\/ntxhwzCHES0\" title=\"Poznaj now\u0105 seri\u0119 komputer\u00f3w przemys\u0142owych Astraada PC \u2013 AS56PCC\" frameborder=\"0\" allow=\"accelerometer; autoplay; clipboard-write; encrypted-media; gyroscope; picture-in-picture; web-share\" referrerpolicy=\"strict-origin-when-cross-origin\" allowfullscreen><\/iframe>\n\n\n\n<div style=\"height:50px\" aria-hidden=\"true\" class=\"wp-block-spacer\"><\/div>\n\n\n\n<h2 class=\"wp-block-heading\"><strong>Podsumowanie<\/strong><\/h2>\n\n\n\n<p>Podstawow\u0105 zalet\u0105 nowej serii komputer\u00f3w Astraada jest ich zwi\u0119kszona wydajno\u015b\u0107. Pozwala to na obs\u0142ug\u0119 bardziej rozbudowanych system\u00f3w SCADA oraz zoptymalizowanie czasu reakcji komputera przy innych aplikacjach.<\/p>\n\n\n\n<p>Nowsze porty komunikacyjne pozwol\u0105 w \u0142atwiejszy spos\u00f3b porozumie\u0107 si\u0119 z innymi urz\u0105dzeniami.<\/p>\n\n\n\n<p>Ewentualna wymiana starszej serii na instalacjach odb\u0119dzie si\u0119 w spos\u00f3b bezproblemowy. Wymiary otwor\u00f3w monta\u017cowych pozosta\u0142y takie same, przez co seri\u0119 s\u0105 ze sob\u0105 kompatybilne.<\/p>\n\n\n\n<p><strong>Potrzebujesz wyja\u015bnienia r\u00f3\u017cnic bardziej szczeg\u00f3\u0142owo? Napisz do autora artyku\u0142u.<\/strong><\/p>\n\n\n\n<div class=\"link-box d-flex align-items-center\">\r\n\t\t\t\t\t\t\t<img decoding=\"async\" src=\"https:\/\/www.astor.com.pl\/poradnikautomatyka\/wp-content\/themes\/poradnik\/public\/images\/icons\/icon-link.svg\" alt=\"arrow\" class=\"ml-3\">\r\n\t\t\t\t\t\t\t<\/a>\r\n\t\t\t\t\t\t\t<div><p>Sprawd\u017a ofert\u0119 komputer\u00f3w przemys\u0142owych Astraada PC w <a href=\"https:\/\/www.astor.com.pl\/sklep\/sterowanie\/komputery-przemyslowe\/komputery-panelowe-all-in-one\/do-zabudowy-w-szafie-montazu-vesa\/komputery-panelowe-performance.html\" target=\"_blank\" rel=\"noopener\">Sklepie Internetowym ASTOR<\/a>.<\/p>\n<\/div>\r\n\t\t\t\t\t<\/div>\r\n\t\n\n\n\n            <div id=\"mailerlite-form_9\" data-temp-id=\"69ee03334d398\">\n                <div class=\"mailerlite-form\">\n                    <form action=\"\" method=\"post\" novalidate>\n                                                    <div class=\"mailerlite-form-title\"><h3>Newsletter Poradnika Automatyka<\/h3><\/div>\n                                                <div class=\"mailerlite-form-description\"><p>Czytaj trendy i inspiracje, podstawy automatyki, automatyk\u0119 w praktyce<\/p>\n<\/div>\n                        <div class=\"mailerlite-form-inputs\">\n                                                                                            <div class=\"mailerlite-form-field\">\n                                    <label for=\"mailerlite-9-field-email\">Email<\/label>\n                                    <input id=\"mailerlite-9-field-email\"\n                                           type=\"email\" required=\"required\"                                            name=\"form_fields[email]\"\n                                           placeholder=\"Email\"\/>\n                                <\/div>\n                                                        <div class=\"mailerlite-form-loader\">Please wait...<\/div>\n                            <div class=\"mailerlite-subscribe-button-container\">\n                                <button class=\"mailerlite-subscribe-submit\" type=\"submit\">\n                                    Zapisz si\u0119                                <\/button>\n                            <\/div>\n                            <input type=\"hidden\" name=\"form_id\" value=\"9\"\/>\n                            <input type=\"hidden\" name=\"action\" value=\"mailerlite_subscribe_form\"\/>\n                            <input type=\"hidden\" name=\"ml_nonce\" value=\"98316785c2\"\/>\n                        <\/div>\n                        <div class=\"mailerlite-form-response\">\n                                                            <h4><p>Dzi\u0119kujemy za zapis do newslettera!<\/p>\n<\/h4>\n                                                    <\/div>\n                    <\/form>\n                <\/div>\n            <\/div>\n        <script type=\"text\/javascript\" src='https:\/\/www.astor.com.pl\/poradnikautomatyka\/wp-content\/plugins\/official-mailerlite-sign-up-forms\/assets\/js\/localization\/validation-messages.js'><\/script>\n         <script type=\"text\/javascript\"> var selectedLanguage = \"pl\"; var validationMessages = messages[\"en\"]; if(selectedLanguage) { validationMessages = messages[selectedLanguage]; } window.addEventListener(\"load\", function () { var form_container = document.querySelector(`#mailerlite-form_9[data-temp-id=\"69ee03334d398\"] form`); let submitButton = form_container.querySelector('.mailerlite-subscribe-submit'); submitButton.disabled = true; fetch('https:\/\/www.astor.com.pl\/poradnikautomatyka\/wp-admin\/admin-ajax.php', { method: 'POST', headers:{ 'Content-Type': 'application\/x-www-form-urlencoded', }, body: new URLSearchParams({ \"action\" : \"ml_create_nonce\", \"ml_nonce\" : form_container.querySelector(\"input[name='ml_nonce']\").value }) }) .then((response) => response.json()) .then((json) => { if(json.success) { form_container.querySelector(\"input[name='ml_nonce']\").value = json.data.ml_nonce; submitButton.disabled = false; } }) .catch((error) => { console.error('Error:', error); }); form_container.addEventListener('submit', (e) => { e.preventDefault(); let data = new URLSearchParams(new FormData(form_container)).toString(); let validationError = false; document.querySelectorAll('.mailerlite-form-error').forEach(el => el.remove()); Array.from(form_container.elements).forEach((input) => { if(input.type !== 'hidden') { if(input.required) { if(input.value == '') { validationError = true; let error = document.createElement(\"span\"); error.className = 'mailerlite-form-error'; error.textContent = validationMessages.required; input.after(error); return false; } } if((input.type == \"email\") && (!validateEmail(input.value))) { validationError = true; let error = document.createElement(\"span\"); error.className = 'mailerlite-form-error'; error.textContent = validationMessages.email; input.after(error); return false; } } }); if(validationError) { return false; } fade.out(form_container.querySelector('.mailerlite-subscribe-button-container'), () => { fade.in(form_container.querySelector('.mailerlite-form-loader')); }); fetch('https:\/\/www.astor.com.pl\/poradnikautomatyka\/wp-admin\/admin-ajax.php', { method: 'POST', headers:{ 'Content-Type': 'application\/x-www-form-urlencoded', }, body: data }) .then((response) => { fade.out(form_container.querySelector('.mailerlite-form-inputs'), () => { fade.in(form_container.querySelector('.mailerlite-form-response')); }); }) .catch((error) => { console.error('Error:', error); }); }); }, false); var fade = { out: function(el, fn = false) { var fadeOutEffect = setInterval(function () { if (!el.style.opacity) { el.style.opacity = 1; } if (el.style.opacity > 0) { el.style.opacity -= 0.1; } else { el.style.display = 'none'; clearInterval(fadeOutEffect); } }, 50); if( typeof (fn) == 'function') { fn(); } }, in: function(el) { var fadeInEffect = setInterval(function () { if (!el.style.opacity) { el.style.opacity = 0; } if (el.style.opacity < 1) { el.style.opacity = Number(el.style.opacity) + 0.1; } else { el.style.display = 'block'; clearInterval(fadeInEffect); } }, 50); } }; function validateEmail(email){ if(email.match( \/^(([^<>()[\\]\\\\.,;:\\s@\\\"]+(\\.[^<>()[\\]\\\\.,;:\\s@\\\"]+)*)|(\\\".+\\\"))@((\\[[0-9]{1,3}\\.[0-9]{1,3}\\.[0-9]{1,3}\\.[0-9]{1,3}\\])|(([a-zA-Z\\-0-9]+\\.)+[a-zA-Z]{2,}))$\/ )) { return true; } return false; } <\/script> \n","protected":false},"excerpt":{"rendered":"<p>Ze wzgl\u0119du na zako\u0144czenie produkcji procesor\u00f3w i5-7200U prekonfigurowane komputery Astraada z serii AS56A (Performance) przechodz\u0105 w stan EOL (End Of Life). W ich miejsce na rynku pojawia si\u0119 nowa seria Astraada AS56PCC. Poni\u017cej omawiamy najwa\u017cniejsze wprowadzone w niej nowo\u015bci.<\/p>\n","protected":false},"author":50,"featured_media":21424,"comment_status":"open","ping_status":"open","sticky":false,"template":"","format":"standard","meta":{"_acf_changed":false,"footnotes":""},"categories":[233],"tags":[16,98],"class_list":["post-21407","post","type-post","status-publish","format-standard","has-post-thumbnail","hentry","category-dla-uzytkownikow-produktow-astor","tag-astraada","tag-astraada-pc"],"acf":[],"yoast_head":"<!-- This site is optimized with the Yoast SEO plugin v27.3 - https:\/\/yoast.com\/product\/yoast-seo-wordpress\/ -->\r\n<title>Nowa seria komputer\u00f3w przemys\u0142owych Astraada z procesorami Intel 11 generacji | Poradnik Automatyka<\/title>\r\n<meta name=\"description\" content=\"Omawiamy najwa\u017cniejsze nowo\u015bci wprowadzone w nowej serii modu\u0142owych komputer\u00f3w przemys\u0142owych Astraada PC AS56PCC.\" \/>\r\n<meta name=\"robots\" content=\"index, follow, max-snippet:-1, max-image-preview:large, max-video-preview:-1\" \/>\r\n<link rel=\"canonical\" href=\"https:\/\/www.astor.com.pl\/poradnikautomatyka\/nowa-seria-komputerow-przemyslowych-astraada-z-procesorami-intel-11-generacji\/\" \/>\r\n<meta property=\"og:locale\" content=\"pl_PL\" \/>\r\n<meta property=\"og:type\" content=\"article\" \/>\r\n<meta property=\"og:title\" content=\"Nowa seria komputer\u00f3w przemys\u0142owych Astraada z procesorami Intel 11 generacji | Poradnik Automatyka\" \/>\r\n<meta property=\"og:description\" content=\"Omawiamy najwa\u017cniejsze nowo\u015bci wprowadzone w nowej serii modu\u0142owych komputer\u00f3w przemys\u0142owych Astraada PC AS56PCC.\" \/>\r\n<meta property=\"og:url\" content=\"https:\/\/www.astor.com.pl\/poradnikautomatyka\/nowa-seria-komputerow-przemyslowych-astraada-z-procesorami-intel-11-generacji\/\" \/>\r\n<meta property=\"og:site_name\" content=\"Poradnik Automatyka\" \/>\r\n<meta property=\"article:published_time\" content=\"2024-09-26T17:38:57+00:00\" \/>\r\n<meta property=\"article:modified_time\" content=\"2024-10-22T12:13:02+00:00\" \/>\r\n<meta property=\"og:image\" content=\"https:\/\/www.astor.com.pl\/poradnikautomatyka\/wp-content\/uploads\/2024\/09\/ipc-pcc-head.jpg\" \/>\r\n\t<meta property=\"og:image:width\" content=\"1156\" \/>\r\n\t<meta property=\"og:image:height\" content=\"350\" \/>\r\n\t<meta property=\"og:image:type\" content=\"image\/jpeg\" \/>\r\n<meta name=\"author\" content=\"Mateusz Fas\" \/>\r\n<meta name=\"twitter:card\" content=\"summary_large_image\" \/>\r\n<meta name=\"twitter:label1\" content=\"Napisane przez\" \/>\n\t<meta name=\"twitter:data1\" content=\"Mateusz Fas\" \/>\n\t<meta name=\"twitter:label2\" content=\"Szacowany czas czytania\" \/>\n\t<meta name=\"twitter:data2\" content=\"6 minut\" \/>\r\n<script type=\"application\/ld+json\" class=\"yoast-schema-graph\">{\"@context\":\"https:\\\/\\\/schema.org\",\"@graph\":[{\"@type\":\"Article\",\"@id\":\"https:\\\/\\\/www.astor.com.pl\\\/poradnikautomatyka\\\/nowa-seria-komputerow-przemyslowych-astraada-z-procesorami-intel-11-generacji\\\/#article\",\"isPartOf\":{\"@id\":\"https:\\\/\\\/www.astor.com.pl\\\/poradnikautomatyka\\\/nowa-seria-komputerow-przemyslowych-astraada-z-procesorami-intel-11-generacji\\\/\"},\"author\":{\"name\":\"Mateusz Fas\",\"@id\":\"https:\\\/\\\/www.astor.com.pl\\\/poradnikautomatyka\\\/#\\\/schema\\\/person\\\/7029e2ba4cc4e4e1c9bfd3b6a47a8b67\"},\"headline\":\"Nowa seria komputer\u00f3w przemys\u0142owych Astraada z procesorami Intel 11 generacji\",\"datePublished\":\"2024-09-26T17:38:57+00:00\",\"dateModified\":\"2024-10-22T12:13:02+00:00\",\"mainEntityOfPage\":{\"@id\":\"https:\\\/\\\/www.astor.com.pl\\\/poradnikautomatyka\\\/nowa-seria-komputerow-przemyslowych-astraada-z-procesorami-intel-11-generacji\\\/\"},\"wordCount\":878,\"commentCount\":0,\"publisher\":{\"@id\":\"https:\\\/\\\/www.astor.com.pl\\\/poradnikautomatyka\\\/#organization\"},\"image\":{\"@id\":\"https:\\\/\\\/www.astor.com.pl\\\/poradnikautomatyka\\\/nowa-seria-komputerow-przemyslowych-astraada-z-procesorami-intel-11-generacji\\\/#primaryimage\"},\"thumbnailUrl\":\"https:\\\/\\\/www.astor.com.pl\\\/poradnikautomatyka\\\/wp-content\\\/uploads\\\/2024\\\/09\\\/ipc-pcc-head.jpg\",\"keywords\":[\"Astraada\",\"Astraada PC\"],\"articleSection\":[\"Produkty ASTOR\"],\"inLanguage\":\"pl-PL\",\"potentialAction\":[{\"@type\":\"CommentAction\",\"name\":\"Comment\",\"target\":[\"https:\\\/\\\/www.astor.com.pl\\\/poradnikautomatyka\\\/nowa-seria-komputerow-przemyslowych-astraada-z-procesorami-intel-11-generacji\\\/#respond\"]}]},{\"@type\":\"WebPage\",\"@id\":\"https:\\\/\\\/www.astor.com.pl\\\/poradnikautomatyka\\\/nowa-seria-komputerow-przemyslowych-astraada-z-procesorami-intel-11-generacji\\\/\",\"url\":\"https:\\\/\\\/www.astor.com.pl\\\/poradnikautomatyka\\\/nowa-seria-komputerow-przemyslowych-astraada-z-procesorami-intel-11-generacji\\\/\",\"name\":\"Nowa seria komputer\u00f3w przemys\u0142owych Astraada z procesorami Intel 11 generacji | Poradnik Automatyka\",\"isPartOf\":{\"@id\":\"https:\\\/\\\/www.astor.com.pl\\\/poradnikautomatyka\\\/#website\"},\"primaryImageOfPage\":{\"@id\":\"https:\\\/\\\/www.astor.com.pl\\\/poradnikautomatyka\\\/nowa-seria-komputerow-przemyslowych-astraada-z-procesorami-intel-11-generacji\\\/#primaryimage\"},\"image\":{\"@id\":\"https:\\\/\\\/www.astor.com.pl\\\/poradnikautomatyka\\\/nowa-seria-komputerow-przemyslowych-astraada-z-procesorami-intel-11-generacji\\\/#primaryimage\"},\"thumbnailUrl\":\"https:\\\/\\\/www.astor.com.pl\\\/poradnikautomatyka\\\/wp-content\\\/uploads\\\/2024\\\/09\\\/ipc-pcc-head.jpg\",\"datePublished\":\"2024-09-26T17:38:57+00:00\",\"dateModified\":\"2024-10-22T12:13:02+00:00\",\"description\":\"Omawiamy najwa\u017cniejsze nowo\u015bci wprowadzone w nowej serii modu\u0142owych komputer\u00f3w przemys\u0142owych Astraada PC AS56PCC.\",\"breadcrumb\":{\"@id\":\"https:\\\/\\\/www.astor.com.pl\\\/poradnikautomatyka\\\/nowa-seria-komputerow-przemyslowych-astraada-z-procesorami-intel-11-generacji\\\/#breadcrumb\"},\"inLanguage\":\"pl-PL\",\"potentialAction\":[{\"@type\":\"ReadAction\",\"target\":[\"https:\\\/\\\/www.astor.com.pl\\\/poradnikautomatyka\\\/nowa-seria-komputerow-przemyslowych-astraada-z-procesorami-intel-11-generacji\\\/\"]}]},{\"@type\":\"ImageObject\",\"inLanguage\":\"pl-PL\",\"@id\":\"https:\\\/\\\/www.astor.com.pl\\\/poradnikautomatyka\\\/nowa-seria-komputerow-przemyslowych-astraada-z-procesorami-intel-11-generacji\\\/#primaryimage\",\"url\":\"https:\\\/\\\/www.astor.com.pl\\\/poradnikautomatyka\\\/wp-content\\\/uploads\\\/2024\\\/09\\\/ipc-pcc-head.jpg\",\"contentUrl\":\"https:\\\/\\\/www.astor.com.pl\\\/poradnikautomatyka\\\/wp-content\\\/uploads\\\/2024\\\/09\\\/ipc-pcc-head.jpg\",\"width\":1156,\"height\":350},{\"@type\":\"BreadcrumbList\",\"@id\":\"https:\\\/\\\/www.astor.com.pl\\\/poradnikautomatyka\\\/nowa-seria-komputerow-przemyslowych-astraada-z-procesorami-intel-11-generacji\\\/#breadcrumb\",\"itemListElement\":[{\"@type\":\"ListItem\",\"position\":1,\"name\":\"Produkty ASTOR\",\"item\":\"https:\\\/\\\/www.astor.com.pl\\\/poradnikautomatyka\\\/category\\\/dla-uzytkownikow-produktow-astor\\\/\"},{\"@type\":\"ListItem\",\"position\":2,\"name\":\"Nowa seria komputer\u00f3w przemys\u0142owych Astraada z procesorami Intel 11 generacji\"}]},{\"@type\":\"WebSite\",\"@id\":\"https:\\\/\\\/www.astor.com.pl\\\/poradnikautomatyka\\\/#website\",\"url\":\"https:\\\/\\\/www.astor.com.pl\\\/poradnikautomatyka\\\/\",\"name\":\"Poradnik Automatyka\",\"description\":\"Poradnik Automatyka to przydatne kursy, u\u017cyteczne artyku\u0142y i merytoryczne webinary dla ka\u017cdego automatyka i elektryka.\",\"publisher\":{\"@id\":\"https:\\\/\\\/www.astor.com.pl\\\/poradnikautomatyka\\\/#organization\"},\"potentialAction\":[{\"@type\":\"SearchAction\",\"target\":{\"@type\":\"EntryPoint\",\"urlTemplate\":\"https:\\\/\\\/www.astor.com.pl\\\/poradnikautomatyka\\\/?s={search_term_string}\"},\"query-input\":{\"@type\":\"PropertyValueSpecification\",\"valueRequired\":true,\"valueName\":\"search_term_string\"}}],\"inLanguage\":\"pl-PL\"},{\"@type\":\"Organization\",\"@id\":\"https:\\\/\\\/www.astor.com.pl\\\/poradnikautomatyka\\\/#organization\",\"name\":\"ASTOR\",\"url\":\"https:\\\/\\\/www.astor.com.pl\\\/poradnikautomatyka\\\/\",\"logo\":{\"@type\":\"ImageObject\",\"inLanguage\":\"pl-PL\",\"@id\":\"https:\\\/\\\/www.astor.com.pl\\\/poradnikautomatyka\\\/#\\\/schema\\\/logo\\\/image\\\/\",\"url\":\"https:\\\/\\\/www.astor.com.pl\\\/poradnikautomatyka\\\/wp-content\\\/uploads\\\/2018\\\/08\\\/ASTOR_zwykly_sam_logotyp.png\",\"contentUrl\":\"https:\\\/\\\/www.astor.com.pl\\\/poradnikautomatyka\\\/wp-content\\\/uploads\\\/2018\\\/08\\\/ASTOR_zwykly_sam_logotyp.png\",\"width\":3322,\"height\":1078,\"caption\":\"ASTOR\"},\"image\":{\"@id\":\"https:\\\/\\\/www.astor.com.pl\\\/poradnikautomatyka\\\/#\\\/schema\\\/logo\\\/image\\\/\"}},{\"@type\":\"Person\",\"@id\":\"https:\\\/\\\/www.astor.com.pl\\\/poradnikautomatyka\\\/#\\\/schema\\\/person\\\/7029e2ba4cc4e4e1c9bfd3b6a47a8b67\",\"name\":\"Mateusz Fas\",\"image\":{\"@type\":\"ImageObject\",\"inLanguage\":\"pl-PL\",\"@id\":\"https:\\\/\\\/www.astor.com.pl\\\/poradnikautomatyka\\\/wp-content\\\/uploads\\\/2023\\\/04\\\/M.-Fas.jpg\",\"url\":\"https:\\\/\\\/www.astor.com.pl\\\/poradnikautomatyka\\\/wp-content\\\/uploads\\\/2023\\\/04\\\/M.-Fas.jpg\",\"contentUrl\":\"https:\\\/\\\/www.astor.com.pl\\\/poradnikautomatyka\\\/wp-content\\\/uploads\\\/2023\\\/04\\\/M.-Fas.jpg\",\"caption\":\"Mateusz Fas\"},\"description\":\"Absolwent Mechaniki i Budowy Maszyn na AGH. Absolwent Zarz\u0105dzania i In\u017cynierii Produkcji. W ASTOR aktualnie zajmuje si\u0119 opiek\u0105 nad produktami z oferty Astraada HMI oraz PC.\",\"sameAs\":[\"www.linkedin.com\\\/in\\\/mateusz-fas-38a6631a3\\\/\"],\"url\":\"https:\\\/\\\/www.astor.com.pl\\\/poradnikautomatyka\\\/autor\\\/mateuszf\\\/\"}]}<\/script>\r\n<!-- \/ Yoast SEO plugin. -->","yoast_head_json":{"title":"Nowa seria komputer\u00f3w przemys\u0142owych Astraada z procesorami Intel 11 generacji | Poradnik Automatyka","description":"Omawiamy najwa\u017cniejsze nowo\u015bci wprowadzone w nowej serii modu\u0142owych komputer\u00f3w przemys\u0142owych Astraada PC AS56PCC.","robots":{"index":"index","follow":"follow","max-snippet":"max-snippet:-1","max-image-preview":"max-image-preview:large","max-video-preview":"max-video-preview:-1"},"canonical":"https:\/\/www.astor.com.pl\/poradnikautomatyka\/nowa-seria-komputerow-przemyslowych-astraada-z-procesorami-intel-11-generacji\/","og_locale":"pl_PL","og_type":"article","og_title":"Nowa seria komputer\u00f3w przemys\u0142owych Astraada z procesorami Intel 11 generacji | Poradnik Automatyka","og_description":"Omawiamy najwa\u017cniejsze nowo\u015bci wprowadzone w nowej serii modu\u0142owych komputer\u00f3w przemys\u0142owych Astraada PC AS56PCC.","og_url":"https:\/\/www.astor.com.pl\/poradnikautomatyka\/nowa-seria-komputerow-przemyslowych-astraada-z-procesorami-intel-11-generacji\/","og_site_name":"Poradnik Automatyka","article_published_time":"2024-09-26T17:38:57+00:00","article_modified_time":"2024-10-22T12:13:02+00:00","og_image":[{"width":1156,"height":350,"url":"https:\/\/www.astor.com.pl\/poradnikautomatyka\/wp-content\/uploads\/2024\/09\/ipc-pcc-head.jpg","type":"image\/jpeg"}],"author":"Mateusz Fas","twitter_card":"summary_large_image","twitter_misc":{"Napisane przez":"Mateusz Fas","Szacowany czas czytania":"6 minut"},"schema":{"@context":"https:\/\/schema.org","@graph":[{"@type":"Article","@id":"https:\/\/www.astor.com.pl\/poradnikautomatyka\/nowa-seria-komputerow-przemyslowych-astraada-z-procesorami-intel-11-generacji\/#article","isPartOf":{"@id":"https:\/\/www.astor.com.pl\/poradnikautomatyka\/nowa-seria-komputerow-przemyslowych-astraada-z-procesorami-intel-11-generacji\/"},"author":{"name":"Mateusz Fas","@id":"https:\/\/www.astor.com.pl\/poradnikautomatyka\/#\/schema\/person\/7029e2ba4cc4e4e1c9bfd3b6a47a8b67"},"headline":"Nowa seria komputer\u00f3w przemys\u0142owych Astraada z procesorami Intel 11 generacji","datePublished":"2024-09-26T17:38:57+00:00","dateModified":"2024-10-22T12:13:02+00:00","mainEntityOfPage":{"@id":"https:\/\/www.astor.com.pl\/poradnikautomatyka\/nowa-seria-komputerow-przemyslowych-astraada-z-procesorami-intel-11-generacji\/"},"wordCount":878,"commentCount":0,"publisher":{"@id":"https:\/\/www.astor.com.pl\/poradnikautomatyka\/#organization"},"image":{"@id":"https:\/\/www.astor.com.pl\/poradnikautomatyka\/nowa-seria-komputerow-przemyslowych-astraada-z-procesorami-intel-11-generacji\/#primaryimage"},"thumbnailUrl":"https:\/\/www.astor.com.pl\/poradnikautomatyka\/wp-content\/uploads\/2024\/09\/ipc-pcc-head.jpg","keywords":["Astraada","Astraada PC"],"articleSection":["Produkty ASTOR"],"inLanguage":"pl-PL","potentialAction":[{"@type":"CommentAction","name":"Comment","target":["https:\/\/www.astor.com.pl\/poradnikautomatyka\/nowa-seria-komputerow-przemyslowych-astraada-z-procesorami-intel-11-generacji\/#respond"]}]},{"@type":"WebPage","@id":"https:\/\/www.astor.com.pl\/poradnikautomatyka\/nowa-seria-komputerow-przemyslowych-astraada-z-procesorami-intel-11-generacji\/","url":"https:\/\/www.astor.com.pl\/poradnikautomatyka\/nowa-seria-komputerow-przemyslowych-astraada-z-procesorami-intel-11-generacji\/","name":"Nowa seria komputer\u00f3w przemys\u0142owych Astraada z procesorami Intel 11 generacji | Poradnik Automatyka","isPartOf":{"@id":"https:\/\/www.astor.com.pl\/poradnikautomatyka\/#website"},"primaryImageOfPage":{"@id":"https:\/\/www.astor.com.pl\/poradnikautomatyka\/nowa-seria-komputerow-przemyslowych-astraada-z-procesorami-intel-11-generacji\/#primaryimage"},"image":{"@id":"https:\/\/www.astor.com.pl\/poradnikautomatyka\/nowa-seria-komputerow-przemyslowych-astraada-z-procesorami-intel-11-generacji\/#primaryimage"},"thumbnailUrl":"https:\/\/www.astor.com.pl\/poradnikautomatyka\/wp-content\/uploads\/2024\/09\/ipc-pcc-head.jpg","datePublished":"2024-09-26T17:38:57+00:00","dateModified":"2024-10-22T12:13:02+00:00","description":"Omawiamy najwa\u017cniejsze nowo\u015bci wprowadzone w nowej serii modu\u0142owych komputer\u00f3w przemys\u0142owych Astraada PC AS56PCC.","breadcrumb":{"@id":"https:\/\/www.astor.com.pl\/poradnikautomatyka\/nowa-seria-komputerow-przemyslowych-astraada-z-procesorami-intel-11-generacji\/#breadcrumb"},"inLanguage":"pl-PL","potentialAction":[{"@type":"ReadAction","target":["https:\/\/www.astor.com.pl\/poradnikautomatyka\/nowa-seria-komputerow-przemyslowych-astraada-z-procesorami-intel-11-generacji\/"]}]},{"@type":"ImageObject","inLanguage":"pl-PL","@id":"https:\/\/www.astor.com.pl\/poradnikautomatyka\/nowa-seria-komputerow-przemyslowych-astraada-z-procesorami-intel-11-generacji\/#primaryimage","url":"https:\/\/www.astor.com.pl\/poradnikautomatyka\/wp-content\/uploads\/2024\/09\/ipc-pcc-head.jpg","contentUrl":"https:\/\/www.astor.com.pl\/poradnikautomatyka\/wp-content\/uploads\/2024\/09\/ipc-pcc-head.jpg","width":1156,"height":350},{"@type":"BreadcrumbList","@id":"https:\/\/www.astor.com.pl\/poradnikautomatyka\/nowa-seria-komputerow-przemyslowych-astraada-z-procesorami-intel-11-generacji\/#breadcrumb","itemListElement":[{"@type":"ListItem","position":1,"name":"Produkty ASTOR","item":"https:\/\/www.astor.com.pl\/poradnikautomatyka\/category\/dla-uzytkownikow-produktow-astor\/"},{"@type":"ListItem","position":2,"name":"Nowa seria komputer\u00f3w przemys\u0142owych Astraada z procesorami Intel 11 generacji"}]},{"@type":"WebSite","@id":"https:\/\/www.astor.com.pl\/poradnikautomatyka\/#website","url":"https:\/\/www.astor.com.pl\/poradnikautomatyka\/","name":"Poradnik Automatyka","description":"Poradnik Automatyka to przydatne kursy, u\u017cyteczne artyku\u0142y i merytoryczne webinary dla ka\u017cdego automatyka i elektryka.","publisher":{"@id":"https:\/\/www.astor.com.pl\/poradnikautomatyka\/#organization"},"potentialAction":[{"@type":"SearchAction","target":{"@type":"EntryPoint","urlTemplate":"https:\/\/www.astor.com.pl\/poradnikautomatyka\/?s={search_term_string}"},"query-input":{"@type":"PropertyValueSpecification","valueRequired":true,"valueName":"search_term_string"}}],"inLanguage":"pl-PL"},{"@type":"Organization","@id":"https:\/\/www.astor.com.pl\/poradnikautomatyka\/#organization","name":"ASTOR","url":"https:\/\/www.astor.com.pl\/poradnikautomatyka\/","logo":{"@type":"ImageObject","inLanguage":"pl-PL","@id":"https:\/\/www.astor.com.pl\/poradnikautomatyka\/#\/schema\/logo\/image\/","url":"https:\/\/www.astor.com.pl\/poradnikautomatyka\/wp-content\/uploads\/2018\/08\/ASTOR_zwykly_sam_logotyp.png","contentUrl":"https:\/\/www.astor.com.pl\/poradnikautomatyka\/wp-content\/uploads\/2018\/08\/ASTOR_zwykly_sam_logotyp.png","width":3322,"height":1078,"caption":"ASTOR"},"image":{"@id":"https:\/\/www.astor.com.pl\/poradnikautomatyka\/#\/schema\/logo\/image\/"}},{"@type":"Person","@id":"https:\/\/www.astor.com.pl\/poradnikautomatyka\/#\/schema\/person\/7029e2ba4cc4e4e1c9bfd3b6a47a8b67","name":"Mateusz Fas","image":{"@type":"ImageObject","inLanguage":"pl-PL","@id":"https:\/\/www.astor.com.pl\/poradnikautomatyka\/wp-content\/uploads\/2023\/04\/M.-Fas.jpg","url":"https:\/\/www.astor.com.pl\/poradnikautomatyka\/wp-content\/uploads\/2023\/04\/M.-Fas.jpg","contentUrl":"https:\/\/www.astor.com.pl\/poradnikautomatyka\/wp-content\/uploads\/2023\/04\/M.-Fas.jpg","caption":"Mateusz Fas"},"description":"Absolwent Mechaniki i Budowy Maszyn na AGH. Absolwent Zarz\u0105dzania i In\u017cynierii Produkcji. W ASTOR aktualnie zajmuje si\u0119 opiek\u0105 nad produktami z oferty Astraada HMI oraz PC.","sameAs":["www.linkedin.com\/in\/mateusz-fas-38a6631a3\/"],"url":"https:\/\/www.astor.com.pl\/poradnikautomatyka\/autor\/mateuszf\/"}]}},"_links":{"self":[{"href":"https:\/\/www.astor.com.pl\/poradnikautomatyka\/wp-json\/wp\/v2\/posts\/21407","targetHints":{"allow":["GET"]}}],"collection":[{"href":"https:\/\/www.astor.com.pl\/poradnikautomatyka\/wp-json\/wp\/v2\/posts"}],"about":[{"href":"https:\/\/www.astor.com.pl\/poradnikautomatyka\/wp-json\/wp\/v2\/types\/post"}],"author":[{"embeddable":true,"href":"https:\/\/www.astor.com.pl\/poradnikautomatyka\/wp-json\/wp\/v2\/users\/50"}],"replies":[{"embeddable":true,"href":"https:\/\/www.astor.com.pl\/poradnikautomatyka\/wp-json\/wp\/v2\/comments?post=21407"}],"version-history":[{"count":3,"href":"https:\/\/www.astor.com.pl\/poradnikautomatyka\/wp-json\/wp\/v2\/posts\/21407\/revisions"}],"predecessor-version":[{"id":21469,"href":"https:\/\/www.astor.com.pl\/poradnikautomatyka\/wp-json\/wp\/v2\/posts\/21407\/revisions\/21469"}],"wp:featuredmedia":[{"embeddable":true,"href":"https:\/\/www.astor.com.pl\/poradnikautomatyka\/wp-json\/wp\/v2\/media\/21424"}],"wp:attachment":[{"href":"https:\/\/www.astor.com.pl\/poradnikautomatyka\/wp-json\/wp\/v2\/media?parent=21407"}],"wp:term":[{"taxonomy":"category","embeddable":true,"href":"https:\/\/www.astor.com.pl\/poradnikautomatyka\/wp-json\/wp\/v2\/categories?post=21407"},{"taxonomy":"post_tag","embeddable":true,"href":"https:\/\/www.astor.com.pl\/poradnikautomatyka\/wp-json\/wp\/v2\/tags?post=21407"}],"curies":[{"name":"wp","href":"https:\/\/api.w.org\/{rel}","templated":true}]}}