{"id":7276,"date":"2026-04-30T13:29:24","date_gmt":"2026-04-30T11:29:24","guid":{"rendered":"https:\/\/www.astor.com.pl\/centrum-prasowe\/?p=7276"},"modified":"2026-04-30T13:30:23","modified_gmt":"2026-04-30T11:30:23","slug":"srebro-ktore-wzmacnia-ekosystem-spotkanie-srebrnych-partnerow-astor","status":"publish","type":"post","link":"https:\/\/www.astor.com.pl\/centrum-prasowe\/srebro-ktore-wzmacnia-ekosystem-spotkanie-srebrnych-partnerow-astor\/","title":{"rendered":"Srebro, kt\u00f3re wzmacnia ekosystem. Spotkanie Srebrnych Partner\u00f3w ASTOR"},"content":{"rendered":"<p><strong>Po diamentach i z\u0142ocie przyszed\u0142 czas na kolejny poziom partnerskiego podium. W dniach 22\u201323 kwietnia 2026 roku w Licheniu Starym odby\u0142o si\u0119 spotkanie Srebrnych Partner\u00f3w ASTOR, grupy, kt\u00f3ra jest integraln\u0105 cz\u0119\u015bci\u0105 ca\u0142ego programu.<\/strong><\/p>\n<p><img loading=\"lazy\" decoding=\"async\" class=\"aligncenter wp-image-7278 size-large\" src=\"https:\/\/www.astor.com.pl\/centrum-prasowe\/wp-content\/uploads\/sites\/2\/2026\/04\/DSC09382-1024x683.jpg\" alt=\"\" width=\"1024\" height=\"683\" srcset=\"https:\/\/www.astor.com.pl\/centrum-prasowe\/wp-content\/uploads\/sites\/2\/2026\/04\/DSC09382-1024x683.jpg 1024w, https:\/\/www.astor.com.pl\/centrum-prasowe\/wp-content\/uploads\/sites\/2\/2026\/04\/DSC09382-300x200.jpg 300w, https:\/\/www.astor.com.pl\/centrum-prasowe\/wp-content\/uploads\/sites\/2\/2026\/04\/DSC09382-768x512.jpg 768w, https:\/\/www.astor.com.pl\/centrum-prasowe\/wp-content\/uploads\/sites\/2\/2026\/04\/DSC09382-1536x1024.jpg 1536w, https:\/\/www.astor.com.pl\/centrum-prasowe\/wp-content\/uploads\/sites\/2\/2026\/04\/DSC09382.jpg 2048w\" sizes=\"auto, (max-width: 1024px) 100vw, 1024px\" \/><\/p>\n<p>W wydarzeniu wzi\u0119li udzia\u0142 przedstawiciele 29 firm. W szerszej perspektywie to cz\u0119\u015b\u0107 spo\u0142eczno\u015bci licz\u0105cej dzi\u015b 73 Srebrnych, Technologicznych i Merytorycznych Partner\u00f3w, kt\u00f3rzy wsp\u00f3lnie rozwijaj\u0105 kompetencje, realizuj\u0105 projekty i buduj\u0105 warto\u015b\u0107 dla klient\u00f3w ko\u0144cowych. Spotkanie zosta\u0142o zaprojektowane jako przestrze\u0144 do rozmowy, wymiany do\u015bwiadcze\u0144 oraz spojrzenia na rozw\u00f3j wsp\u00f3\u0142pracy w szerszym kontek\u015bcie. Program obj\u0105\u0142 cz\u0119\u015b\u0107 warsztatow\u0105 oraz certyfikacj\u0119 partner\u00f3w, a jego naturalnym dope\u0142nieniem by\u0142y rozmowy networkingowe, kt\u00f3re jak co roku staj\u0105 si\u0119 impulsem do kolejnych wsp\u00f3lnych dzia\u0142a\u0144.<\/p>\n<p>Program Partnerski ASTOR od ponad 25 lat rozwija si\u0119 razem z partnerami, a jego fundamentem pozostaje relacyjne podej\u015bcie do biznesu.<\/p>\n<p>Jak podkre\u015bla Tomasz Micha\u0142ek, cz\u0142onek zarz\u0105du ASTOR ds. sprzeda\u017cy i marketingu:<\/p>\n<blockquote><p>Od ponad 25 lat mam przyjemno\u015b\u0107 wsp\u00f3\u0142pracowa\u0107 z naszymi Partnerami. Kana\u0142 partnerski przechodzi\u0142 r\u00f3\u017cne fazy rozwoju, w r\u00f3\u017cny spos\u00f3b okre\u015blali\u015bmy i nazywali\u015bmy to szacowne grono, ale jedno pozostaje niezmienne od zawsze \u2013 chcemy budowa\u0107 biznesowe relacje z naszymi klientami, oparte na partnerskim podej\u015bciu, wzajemnym zaufaniu i rzetelnej wsp\u00f3\u0142pracy, tak aby korzy\u015bci ze wsp\u00f3\u0142pracy by\u0142y obustronne. W j\u0119zyku naszych warto\u015bci to si\u0119 nazywa podej\u015bciem win-win.<\/p><\/blockquote>\n<p>Coroczne spotkania partner\u00f3w pozostaj\u0105 jednym z kluczowych element\u00f3w budowania tej wsp\u00f3\u0142pracy.<\/p>\n<blockquote><p>Takie spotkania to nie tylko okazja do podsumowania tego, co wsp\u00f3lnie osi\u0105gn\u0119li\u015bmy, ale tak\u017ce do wzajemnych inspiracji, wymiany my\u015bli i poszukania nowych przestrzeni do rozwoju, cz\u0119sto na jeszcze nieodkrytych obszarach<\/p><\/blockquote>\n<p>\u2013 dodaje Tomasz Micha\u0142ek.<\/p>\n<p>Jednym z wa\u017cnych moment\u00f3w wydarzenia by\u0142o wyr\u00f3\u017cnienie firm, kt\u00f3re w szczeg\u00f3lny spos\u00f3b rozwijaj\u0105 swoj\u0105 dzia\u0142alno\u015b\u0107 w ramach programu. Statuetki \u201eZ\u0142oty wzrost\u201d otrzyma\u0142o dziewi\u0119\u0107 organizacji: Przedsi\u0119biorstwo Us\u0142ugowo Produkcyjno Handlowe \u201eOTECH\u201d, Sure Solutions Sp. z o.o., Automatyka Iwona Ka\u0142dus, WOFIL Robert Musza\u0144ski, Integrator Orlikowski Kurkowski s.c., Intec Automation Sp. z o.o., ASCO RAIL Sp. z o.o., DP System Sp. z o.o. oraz OMC Envag Sp. z o.o. To wyr\u00f3\u017cnienie podkre\u015bla dynamik\u0119 rozwoju partner\u00f3w oraz rol\u0119, jak\u0105 odgrywaj\u0105 oni w budowaniu warto\u015bci ca\u0142ego programu.<\/p>\n<p><img loading=\"lazy\" decoding=\"async\" class=\"aligncenter wp-image-7279 size-large\" src=\"https:\/\/www.astor.com.pl\/centrum-prasowe\/wp-content\/uploads\/sites\/2\/2026\/04\/DSC09131-1024x683.jpg\" alt=\"\" width=\"1024\" height=\"683\" srcset=\"https:\/\/www.astor.com.pl\/centrum-prasowe\/wp-content\/uploads\/sites\/2\/2026\/04\/DSC09131-1024x683.jpg 1024w, https:\/\/www.astor.com.pl\/centrum-prasowe\/wp-content\/uploads\/sites\/2\/2026\/04\/DSC09131-300x200.jpg 300w, https:\/\/www.astor.com.pl\/centrum-prasowe\/wp-content\/uploads\/sites\/2\/2026\/04\/DSC09131-768x512.jpg 768w, https:\/\/www.astor.com.pl\/centrum-prasowe\/wp-content\/uploads\/sites\/2\/2026\/04\/DSC09131-1536x1024.jpg 1536w, https:\/\/www.astor.com.pl\/centrum-prasowe\/wp-content\/uploads\/sites\/2\/2026\/04\/DSC09131.jpg 2048w\" sizes=\"auto, (max-width: 1024px) 100vw, 1024px\" \/><\/p>\n<p>&nbsp;<\/p>\n<p>Spotkanie w Licheniu Starym po raz kolejny pokaza\u0142o, \u017ce si\u0142a Programu Partnerskiego ASTOR wynika ze wsp\u00f3\u0142pracy, zaufania i konsekwentnego rozwijania relacji, kt\u00f3re przek\u0142adaj\u0105 si\u0119 na realne dzia\u0142ania.<\/p>\n<blockquote><p>Bardzo dzi\u0119kuj\u0119 naszym Partnerom za udzia\u0142 w spotkaniu i wsp\u00f3lnie sp\u0119dzony czas, a ekipie ASTORian gratuluj\u0119 perfekcyjnej organizacji i dopi\u0119cia wszystkiego na ostatni guzik. Do zobaczenia za rok, zapewne w jakim\u015b innym miejscu!<\/p><\/blockquote>\n<p>&#8211; podsumowa\u0142 Tomasz Micha\u0142ek.<\/p>\n","protected":false},"excerpt":{"rendered":"<p>Po diamentach i z\u0142ocie przyszed\u0142 czas na kolejny poziom partnerskiego podium. W dniach 22-23 kwietnia 2026 roku w Licheniu Starym odby\u0142o si\u0119 spotkanie Srebrnych Partner\u00f3w ASTOR, grupy, kt\u00f3ra jest integraln\u0105 cz\u0119\u015bci\u0105 ca\u0142ego programu.<\/p>\n","protected":false},"author":5,"featured_media":7281,"comment_status":"closed","ping_status":"closed","sticky":false,"template":"","format":"standard","meta":{"_acf_changed":false,"footnotes":""},"categories":[2],"tags":[],"class_list":["post-7276","post","type-post","status-publish","format-standard","has-post-thumbnail","hentry","category-centrum-prasowe-centrum-prasowe"],"acf":[],"yoast_head":"<!-- This site is optimized with the Yoast SEO plugin v27.3 - https:\/\/yoast.com\/product\/yoast-seo-wordpress\/ -->\r\n<title>Srebro, kt\u00f3re wzmacnia ekosystem. Spotkanie Srebrnych Partner\u00f3w ASTOR - Centrum Prasowe<\/title>\r\n<meta name=\"robots\" content=\"index, follow, max-snippet:-1, max-image-preview:large, max-video-preview:-1\" \/>\r\n<link rel=\"canonical\" href=\"https:\/\/www.astor.com.pl\/centrum-prasowe\/srebro-ktore-wzmacnia-ekosystem-spotkanie-srebrnych-partnerow-astor\/\" \/>\r\n<meta property=\"og:locale\" content=\"pl_PL\" \/>\r\n<meta property=\"og:type\" content=\"article\" \/>\r\n<meta property=\"og:title\" content=\"Srebro, kt\u00f3re wzmacnia ekosystem. Spotkanie Srebrnych Partner\u00f3w ASTOR - Centrum Prasowe\" \/>\r\n<meta property=\"og:description\" content=\"Po diamentach i z\u0142ocie przyszed\u0142 czas na kolejny poziom partnerskiego podium. W dniach 22-23 kwietnia 2026 roku w Licheniu Starym odby\u0142o si\u0119 spotkanie Srebrnych Partner\u00f3w ASTOR, grupy, kt\u00f3ra jest integraln\u0105 cz\u0119\u015bci\u0105 ca\u0142ego programu.\" \/>\r\n<meta property=\"og:url\" content=\"https:\/\/www.astor.com.pl\/centrum-prasowe\/srebro-ktore-wzmacnia-ekosystem-spotkanie-srebrnych-partnerow-astor\/\" \/>\r\n<meta property=\"og:site_name\" content=\"Centrum Prasowe\" \/>\r\n<meta property=\"article:published_time\" content=\"2026-04-30T11:29:24+00:00\" \/>\r\n<meta property=\"article:modified_time\" content=\"2026-04-30T11:30:23+00:00\" \/>\r\n<meta property=\"og:image\" content=\"https:\/\/www.astor.com.pl\/centrum-prasowe\/wp-content\/uploads\/sites\/2\/2026\/04\/DSC09131-1.jpg\" \/>\r\n\t<meta property=\"og:image:width\" content=\"2048\" \/>\r\n\t<meta property=\"og:image:height\" content=\"1365\" \/>\r\n\t<meta property=\"og:image:type\" content=\"image\/jpeg\" \/>\r\n<meta name=\"author\" content=\"Renata Poreda\" \/>\r\n<meta name=\"twitter:card\" content=\"summary_large_image\" \/>\r\n<meta name=\"twitter:label1\" content=\"Napisane przez\" \/>\n\t<meta name=\"twitter:data1\" content=\"Renata Poreda\" \/>\n\t<meta name=\"twitter:label2\" content=\"Szacowany czas czytania\" \/>\n\t<meta name=\"twitter:data2\" content=\"3 minuty\" \/>\r\n<script type=\"application\/ld+json\" class=\"yoast-schema-graph\">{\"@context\":\"https:\\\/\\\/schema.org\",\"@graph\":[{\"@type\":\"Article\",\"@id\":\"https:\\\/\\\/www.astor.com.pl\\\/centrum-prasowe\\\/srebro-ktore-wzmacnia-ekosystem-spotkanie-srebrnych-partnerow-astor\\\/#article\",\"isPartOf\":{\"@id\":\"https:\\\/\\\/www.astor.com.pl\\\/centrum-prasowe\\\/srebro-ktore-wzmacnia-ekosystem-spotkanie-srebrnych-partnerow-astor\\\/\"},\"author\":{\"name\":\"Renata Poreda\",\"@id\":\"https:\\\/\\\/www.astor.com.pl\\\/centrum-prasowe\\\/#\\\/schema\\\/person\\\/613f2de52067bc2edd4bd7cb86d7211f\"},\"headline\":\"Srebro, kt\u00f3re wzmacnia ekosystem. Spotkanie Srebrnych Partner\u00f3w ASTOR\",\"datePublished\":\"2026-04-30T11:29:24+00:00\",\"dateModified\":\"2026-04-30T11:30:23+00:00\",\"mainEntityOfPage\":{\"@id\":\"https:\\\/\\\/www.astor.com.pl\\\/centrum-prasowe\\\/srebro-ktore-wzmacnia-ekosystem-spotkanie-srebrnych-partnerow-astor\\\/\"},\"wordCount\":490,\"image\":{\"@id\":\"https:\\\/\\\/www.astor.com.pl\\\/centrum-prasowe\\\/srebro-ktore-wzmacnia-ekosystem-spotkanie-srebrnych-partnerow-astor\\\/#primaryimage\"},\"thumbnailUrl\":\"https:\\\/\\\/www.astor.com.pl\\\/centrum-prasowe\\\/wp-content\\\/uploads\\\/sites\\\/2\\\/2026\\\/04\\\/DSC09131-1.jpg\",\"articleSection\":[\"Centrum prasowe\"],\"inLanguage\":\"pl-PL\"},{\"@type\":\"WebPage\",\"@id\":\"https:\\\/\\\/www.astor.com.pl\\\/centrum-prasowe\\\/srebro-ktore-wzmacnia-ekosystem-spotkanie-srebrnych-partnerow-astor\\\/\",\"url\":\"https:\\\/\\\/www.astor.com.pl\\\/centrum-prasowe\\\/srebro-ktore-wzmacnia-ekosystem-spotkanie-srebrnych-partnerow-astor\\\/\",\"name\":\"Srebro, kt\u00f3re wzmacnia ekosystem. Spotkanie Srebrnych Partner\u00f3w ASTOR - Centrum Prasowe\",\"isPartOf\":{\"@id\":\"https:\\\/\\\/www.astor.com.pl\\\/centrum-prasowe\\\/#website\"},\"primaryImageOfPage\":{\"@id\":\"https:\\\/\\\/www.astor.com.pl\\\/centrum-prasowe\\\/srebro-ktore-wzmacnia-ekosystem-spotkanie-srebrnych-partnerow-astor\\\/#primaryimage\"},\"image\":{\"@id\":\"https:\\\/\\\/www.astor.com.pl\\\/centrum-prasowe\\\/srebro-ktore-wzmacnia-ekosystem-spotkanie-srebrnych-partnerow-astor\\\/#primaryimage\"},\"thumbnailUrl\":\"https:\\\/\\\/www.astor.com.pl\\\/centrum-prasowe\\\/wp-content\\\/uploads\\\/sites\\\/2\\\/2026\\\/04\\\/DSC09131-1.jpg\",\"datePublished\":\"2026-04-30T11:29:24+00:00\",\"dateModified\":\"2026-04-30T11:30:23+00:00\",\"author\":{\"@id\":\"https:\\\/\\\/www.astor.com.pl\\\/centrum-prasowe\\\/#\\\/schema\\\/person\\\/613f2de52067bc2edd4bd7cb86d7211f\"},\"breadcrumb\":{\"@id\":\"https:\\\/\\\/www.astor.com.pl\\\/centrum-prasowe\\\/srebro-ktore-wzmacnia-ekosystem-spotkanie-srebrnych-partnerow-astor\\\/#breadcrumb\"},\"inLanguage\":\"pl-PL\",\"potentialAction\":[{\"@type\":\"ReadAction\",\"target\":[\"https:\\\/\\\/www.astor.com.pl\\\/centrum-prasowe\\\/srebro-ktore-wzmacnia-ekosystem-spotkanie-srebrnych-partnerow-astor\\\/\"]}]},{\"@type\":\"ImageObject\",\"inLanguage\":\"pl-PL\",\"@id\":\"https:\\\/\\\/www.astor.com.pl\\\/centrum-prasowe\\\/srebro-ktore-wzmacnia-ekosystem-spotkanie-srebrnych-partnerow-astor\\\/#primaryimage\",\"url\":\"https:\\\/\\\/www.astor.com.pl\\\/centrum-prasowe\\\/wp-content\\\/uploads\\\/sites\\\/2\\\/2026\\\/04\\\/DSC09131-1.jpg\",\"contentUrl\":\"https:\\\/\\\/www.astor.com.pl\\\/centrum-prasowe\\\/wp-content\\\/uploads\\\/sites\\\/2\\\/2026\\\/04\\\/DSC09131-1.jpg\",\"width\":2048,\"height\":1365},{\"@type\":\"BreadcrumbList\",\"@id\":\"https:\\\/\\\/www.astor.com.pl\\\/centrum-prasowe\\\/srebro-ktore-wzmacnia-ekosystem-spotkanie-srebrnych-partnerow-astor\\\/#breadcrumb\",\"itemListElement\":[{\"@type\":\"ListItem\",\"position\":1,\"name\":\"Centrum prasowe\",\"item\":\"https:\\\/\\\/www.astor.com.pl\\\/centrum-prasowe\\\/\"},{\"@type\":\"ListItem\",\"position\":2,\"name\":\"Srebro, kt\u00f3re wzmacnia ekosystem. Spotkanie Srebrnych Partner\u00f3w ASTOR\"}]},{\"@type\":\"WebSite\",\"@id\":\"https:\\\/\\\/www.astor.com.pl\\\/centrum-prasowe\\\/#website\",\"url\":\"https:\\\/\\\/www.astor.com.pl\\\/centrum-prasowe\\\/\",\"name\":\"Centrum Prasowe\",\"description\":\"ASTOR\",\"potentialAction\":[{\"@type\":\"SearchAction\",\"target\":{\"@type\":\"EntryPoint\",\"urlTemplate\":\"https:\\\/\\\/www.astor.com.pl\\\/centrum-prasowe\\\/?s={search_term_string}\"},\"query-input\":{\"@type\":\"PropertyValueSpecification\",\"valueRequired\":true,\"valueName\":\"search_term_string\"}}],\"inLanguage\":\"pl-PL\"},{\"@type\":\"Person\",\"@id\":\"https:\\\/\\\/www.astor.com.pl\\\/centrum-prasowe\\\/#\\\/schema\\\/person\\\/613f2de52067bc2edd4bd7cb86d7211f\",\"name\":\"Renata Poreda\",\"image\":{\"@type\":\"ImageObject\",\"inLanguage\":\"pl-PL\",\"@id\":\"https:\\\/\\\/secure.gravatar.com\\\/avatar\\\/d87fa85a300356f3df672bec9cdcd0c582c432a7c2c7c547a0b20462acd44af6?s=96&d=mm&r=g\",\"url\":\"https:\\\/\\\/secure.gravatar.com\\\/avatar\\\/d87fa85a300356f3df672bec9cdcd0c582c432a7c2c7c547a0b20462acd44af6?s=96&d=mm&r=g\",\"contentUrl\":\"https:\\\/\\\/secure.gravatar.com\\\/avatar\\\/d87fa85a300356f3df672bec9cdcd0c582c432a7c2c7c547a0b20462acd44af6?s=96&d=mm&r=g\",\"caption\":\"Renata Poreda\"},\"url\":\"https:\\\/\\\/www.astor.com.pl\\\/centrum-prasowe\\\/author\\\/renatap\\\/\"}]}<\/script>\r\n<!-- \/ Yoast SEO plugin. -->","yoast_head_json":{"title":"Srebro, kt\u00f3re wzmacnia ekosystem. Spotkanie Srebrnych Partner\u00f3w ASTOR - Centrum Prasowe","robots":{"index":"index","follow":"follow","max-snippet":"max-snippet:-1","max-image-preview":"max-image-preview:large","max-video-preview":"max-video-preview:-1"},"canonical":"https:\/\/www.astor.com.pl\/centrum-prasowe\/srebro-ktore-wzmacnia-ekosystem-spotkanie-srebrnych-partnerow-astor\/","og_locale":"pl_PL","og_type":"article","og_title":"Srebro, kt\u00f3re wzmacnia ekosystem. Spotkanie Srebrnych Partner\u00f3w ASTOR - Centrum Prasowe","og_description":"Po diamentach i z\u0142ocie przyszed\u0142 czas na kolejny poziom partnerskiego podium. W dniach 22-23 kwietnia 2026 roku w Licheniu Starym odby\u0142o si\u0119 spotkanie Srebrnych Partner\u00f3w ASTOR, grupy, kt\u00f3ra jest integraln\u0105 cz\u0119\u015bci\u0105 ca\u0142ego programu.","og_url":"https:\/\/www.astor.com.pl\/centrum-prasowe\/srebro-ktore-wzmacnia-ekosystem-spotkanie-srebrnych-partnerow-astor\/","og_site_name":"Centrum Prasowe","article_published_time":"2026-04-30T11:29:24+00:00","article_modified_time":"2026-04-30T11:30:23+00:00","og_image":[{"width":2048,"height":1365,"url":"https:\/\/www.astor.com.pl\/centrum-prasowe\/wp-content\/uploads\/sites\/2\/2026\/04\/DSC09131-1.jpg","type":"image\/jpeg"}],"author":"Renata Poreda","twitter_card":"summary_large_image","twitter_misc":{"Napisane przez":"Renata Poreda","Szacowany czas czytania":"3 minuty"},"schema":{"@context":"https:\/\/schema.org","@graph":[{"@type":"Article","@id":"https:\/\/www.astor.com.pl\/centrum-prasowe\/srebro-ktore-wzmacnia-ekosystem-spotkanie-srebrnych-partnerow-astor\/#article","isPartOf":{"@id":"https:\/\/www.astor.com.pl\/centrum-prasowe\/srebro-ktore-wzmacnia-ekosystem-spotkanie-srebrnych-partnerow-astor\/"},"author":{"name":"Renata Poreda","@id":"https:\/\/www.astor.com.pl\/centrum-prasowe\/#\/schema\/person\/613f2de52067bc2edd4bd7cb86d7211f"},"headline":"Srebro, kt\u00f3re wzmacnia ekosystem. Spotkanie Srebrnych Partner\u00f3w ASTOR","datePublished":"2026-04-30T11:29:24+00:00","dateModified":"2026-04-30T11:30:23+00:00","mainEntityOfPage":{"@id":"https:\/\/www.astor.com.pl\/centrum-prasowe\/srebro-ktore-wzmacnia-ekosystem-spotkanie-srebrnych-partnerow-astor\/"},"wordCount":490,"image":{"@id":"https:\/\/www.astor.com.pl\/centrum-prasowe\/srebro-ktore-wzmacnia-ekosystem-spotkanie-srebrnych-partnerow-astor\/#primaryimage"},"thumbnailUrl":"https:\/\/www.astor.com.pl\/centrum-prasowe\/wp-content\/uploads\/sites\/2\/2026\/04\/DSC09131-1.jpg","articleSection":["Centrum prasowe"],"inLanguage":"pl-PL"},{"@type":"WebPage","@id":"https:\/\/www.astor.com.pl\/centrum-prasowe\/srebro-ktore-wzmacnia-ekosystem-spotkanie-srebrnych-partnerow-astor\/","url":"https:\/\/www.astor.com.pl\/centrum-prasowe\/srebro-ktore-wzmacnia-ekosystem-spotkanie-srebrnych-partnerow-astor\/","name":"Srebro, kt\u00f3re wzmacnia ekosystem. Spotkanie Srebrnych Partner\u00f3w ASTOR - Centrum Prasowe","isPartOf":{"@id":"https:\/\/www.astor.com.pl\/centrum-prasowe\/#website"},"primaryImageOfPage":{"@id":"https:\/\/www.astor.com.pl\/centrum-prasowe\/srebro-ktore-wzmacnia-ekosystem-spotkanie-srebrnych-partnerow-astor\/#primaryimage"},"image":{"@id":"https:\/\/www.astor.com.pl\/centrum-prasowe\/srebro-ktore-wzmacnia-ekosystem-spotkanie-srebrnych-partnerow-astor\/#primaryimage"},"thumbnailUrl":"https:\/\/www.astor.com.pl\/centrum-prasowe\/wp-content\/uploads\/sites\/2\/2026\/04\/DSC09131-1.jpg","datePublished":"2026-04-30T11:29:24+00:00","dateModified":"2026-04-30T11:30:23+00:00","author":{"@id":"https:\/\/www.astor.com.pl\/centrum-prasowe\/#\/schema\/person\/613f2de52067bc2edd4bd7cb86d7211f"},"breadcrumb":{"@id":"https:\/\/www.astor.com.pl\/centrum-prasowe\/srebro-ktore-wzmacnia-ekosystem-spotkanie-srebrnych-partnerow-astor\/#breadcrumb"},"inLanguage":"pl-PL","potentialAction":[{"@type":"ReadAction","target":["https:\/\/www.astor.com.pl\/centrum-prasowe\/srebro-ktore-wzmacnia-ekosystem-spotkanie-srebrnych-partnerow-astor\/"]}]},{"@type":"ImageObject","inLanguage":"pl-PL","@id":"https:\/\/www.astor.com.pl\/centrum-prasowe\/srebro-ktore-wzmacnia-ekosystem-spotkanie-srebrnych-partnerow-astor\/#primaryimage","url":"https:\/\/www.astor.com.pl\/centrum-prasowe\/wp-content\/uploads\/sites\/2\/2026\/04\/DSC09131-1.jpg","contentUrl":"https:\/\/www.astor.com.pl\/centrum-prasowe\/wp-content\/uploads\/sites\/2\/2026\/04\/DSC09131-1.jpg","width":2048,"height":1365},{"@type":"BreadcrumbList","@id":"https:\/\/www.astor.com.pl\/centrum-prasowe\/srebro-ktore-wzmacnia-ekosystem-spotkanie-srebrnych-partnerow-astor\/#breadcrumb","itemListElement":[{"@type":"ListItem","position":1,"name":"Centrum prasowe","item":"https:\/\/www.astor.com.pl\/centrum-prasowe\/"},{"@type":"ListItem","position":2,"name":"Srebro, kt\u00f3re wzmacnia ekosystem. Spotkanie Srebrnych Partner\u00f3w ASTOR"}]},{"@type":"WebSite","@id":"https:\/\/www.astor.com.pl\/centrum-prasowe\/#website","url":"https:\/\/www.astor.com.pl\/centrum-prasowe\/","name":"Centrum Prasowe","description":"ASTOR","potentialAction":[{"@type":"SearchAction","target":{"@type":"EntryPoint","urlTemplate":"https:\/\/www.astor.com.pl\/centrum-prasowe\/?s={search_term_string}"},"query-input":{"@type":"PropertyValueSpecification","valueRequired":true,"valueName":"search_term_string"}}],"inLanguage":"pl-PL"},{"@type":"Person","@id":"https:\/\/www.astor.com.pl\/centrum-prasowe\/#\/schema\/person\/613f2de52067bc2edd4bd7cb86d7211f","name":"Renata Poreda","image":{"@type":"ImageObject","inLanguage":"pl-PL","@id":"https:\/\/secure.gravatar.com\/avatar\/d87fa85a300356f3df672bec9cdcd0c582c432a7c2c7c547a0b20462acd44af6?s=96&d=mm&r=g","url":"https:\/\/secure.gravatar.com\/avatar\/d87fa85a300356f3df672bec9cdcd0c582c432a7c2c7c547a0b20462acd44af6?s=96&d=mm&r=g","contentUrl":"https:\/\/secure.gravatar.com\/avatar\/d87fa85a300356f3df672bec9cdcd0c582c432a7c2c7c547a0b20462acd44af6?s=96&d=mm&r=g","caption":"Renata Poreda"},"url":"https:\/\/www.astor.com.pl\/centrum-prasowe\/author\/renatap\/"}]}},"_links":{"self":[{"href":"https:\/\/www.astor.com.pl\/centrum-prasowe\/wp-json\/wp\/v2\/posts\/7276","targetHints":{"allow":["GET"]}}],"collection":[{"href":"https:\/\/www.astor.com.pl\/centrum-prasowe\/wp-json\/wp\/v2\/posts"}],"about":[{"href":"https:\/\/www.astor.com.pl\/centrum-prasowe\/wp-json\/wp\/v2\/types\/post"}],"author":[{"embeddable":true,"href":"https:\/\/www.astor.com.pl\/centrum-prasowe\/wp-json\/wp\/v2\/users\/5"}],"replies":[{"embeddable":true,"href":"https:\/\/www.astor.com.pl\/centrum-prasowe\/wp-json\/wp\/v2\/comments?post=7276"}],"version-history":[{"count":1,"href":"https:\/\/www.astor.com.pl\/centrum-prasowe\/wp-json\/wp\/v2\/posts\/7276\/revisions"}],"predecessor-version":[{"id":7280,"href":"https:\/\/www.astor.com.pl\/centrum-prasowe\/wp-json\/wp\/v2\/posts\/7276\/revisions\/7280"}],"wp:featuredmedia":[{"embeddable":true,"href":"https:\/\/www.astor.com.pl\/centrum-prasowe\/wp-json\/wp\/v2\/media\/7281"}],"wp:attachment":[{"href":"https:\/\/www.astor.com.pl\/centrum-prasowe\/wp-json\/wp\/v2\/media?parent=7276"}],"wp:term":[{"taxonomy":"category","embeddable":true,"href":"https:\/\/www.astor.com.pl\/centrum-prasowe\/wp-json\/wp\/v2\/categories?post=7276"},{"taxonomy":"post_tag","embeddable":true,"href":"https:\/\/www.astor.com.pl\/centrum-prasowe\/wp-json\/wp\/v2\/tags?post=7276"}],"curies":[{"name":"wp","href":"https:\/\/api.w.org\/{rel}","templated":true}]}}