{"id":7131,"date":"2025-12-18T11:32:27","date_gmt":"2025-12-18T10:32:27","guid":{"rendered":"https:\/\/www.astor.com.pl\/centrum-prasowe\/?p=7131"},"modified":"2025-12-19T14:28:25","modified_gmt":"2025-12-19T13:28:25","slug":"astor-oglasza-strategie-2025-oraz-zmiany-w-zarzadzie-firma-przyspiesza-globalny-rozwoj-i-wzmacnia-kompetencje-przywodcze","status":"publish","type":"post","link":"https:\/\/www.astor.com.pl\/centrum-prasowe\/astor-oglasza-strategie-2025-oraz-zmiany-w-zarzadzie-firma-przyspiesza-globalny-rozwoj-i-wzmacnia-kompetencje-przywodcze\/","title":{"rendered":"ASTOR og\u0142asza strategi\u0119 2025+ oraz zmiany w zarz\u0105dzie. Firma przyspiesza globalny rozw\u00f3j i wzmacnia kompetencje przyw\u00f3dcze"},"content":{"rendered":"<p><strong>Sp\u00f3\u0142ka ASTOR \u2013 dzia\u0142aj\u0105ca od 39\u00a0lat na styku automatyzacji, robotyzacji i cyfryzacji przemys\u0142u oraz wspieraj\u0105ca transformacje technologiczne r\u00f3wnie\u017c w obszarze intralogistyki \u2013 og\u0142osi\u0142a now\u0105 strategi\u0119 rozwoju ASTOR 2025+, kt\u00f3rej ambicj\u0105 jest przekszta\u0142cenie firmy w silnego, mi\u0119dzynarodowego dostawc\u0119 inteligentnych technologii dla przemys\u0142u. Wraz z prezentacj\u0105 strategicznego kierunku, sp\u00f3\u0142ka poinformowa\u0142a o kolejnych etapach sukcesji mened\u017cerskiej, zmianach w sk\u0142adzie zarz\u0105du oraz o rozszerzeniu Rady Strategicznej ASTOR.<\/strong><\/p>\n<p style=\"text-align: center\"><img loading=\"lazy\" decoding=\"async\" class=\"alignnone wp-image-7138 size-full\" src=\"https:\/\/www.astor.com.pl\/centrum-prasowe\/wp-content\/uploads\/sites\/2\/2025\/12\/s25.png\" alt=\"\" width=\"694\" height=\"691\" srcset=\"https:\/\/www.astor.com.pl\/centrum-prasowe\/wp-content\/uploads\/sites\/2\/2025\/12\/s25.png 694w, https:\/\/www.astor.com.pl\/centrum-prasowe\/wp-content\/uploads\/sites\/2\/2025\/12\/s25-300x300.png 300w, https:\/\/www.astor.com.pl\/centrum-prasowe\/wp-content\/uploads\/sites\/2\/2025\/12\/s25-150x150.png 150w, https:\/\/www.astor.com.pl\/centrum-prasowe\/wp-content\/uploads\/sites\/2\/2025\/12\/s25-125x125.png 125w, https:\/\/www.astor.com.pl\/centrum-prasowe\/wp-content\/uploads\/sites\/2\/2025\/12\/s25-200x200.png 200w\" sizes=\"auto, (max-width: 694px) 100vw, 694px\" \/><\/p>\n<p>Nowa strategia jest naturaln\u0105 kontynuacj\u0105 wcze\u015bniejszych dzia\u0142a\u0144 ASTOR, ale r\u00f3wnie\u017c odpowiedzi\u0105 na rosn\u0105ce zapotrzebowanie rynku na zaawansowane technologie produkcyjne oraz na potrzeb\u0119 budowania zwinnych, odpowiedzialnych i globalnych struktur organizacyjnych. Strategia 2025+ jest r\u00f3wnie\u017c efektem szerokiej pracy zespo\u0142owej i rozwoju kultury organizacyjnej, kt\u00f3ra od lat stanowi wyr\u00f3\u017cnik ASTOR.<\/p>\n<h2><strong>Kolejny etap sukcesji i nowe kompetencje w zarz\u0105dzie<\/strong><\/h2>\n<p>W ramach aktualnych zmian do zarz\u0105du ASTOR do\u0142\u0105czyli Pawe\u0142 Podsiad\u0142o, Dyrektor ds. IT \u00a0oraz Ma\u0142gorzata Stoch, kt\u00f3ra obj\u0119\u0142a\u00a0 stanowisko Dyrektora ds. Ludzi i Warto\u015bci. Zast\u0105pi\u0142a tym samym <a href=\"https:\/\/www.astor.com.pl\/rada-strategiczna\/agnieszka-politanska.html\">Agnieszk\u0119 Polita\u0144sk\u0105<\/a> [HR Senior Konsultant], kt\u00f3ra razem z Piotrem Merwartem [PM Senior Konsultant]\u00a0 do\u0142\u0105czy\u0142a do Rady Strategicznej ASTOR, by wsp\u00f3lnie ze <a href=\"https:\/\/www.astor.com.pl\/rada-strategiczna\/stefan-zyczkowski.html\">Stefanem \u017byczkowskim<\/a> [przewodnicz\u0105cy rady] wspiera\u0107\u00a0 firm\u0119 w d\u0142ugofalowym planowaniu merytorycznym i wyznaczaniu kierunk\u00f3w rozwoju.<\/p>\n<p>Zarz\u0105d ASTOR tworz\u0105 dzi\u015b:<\/p>\n<p>Jaros\u0142aw Gracel \u2013 Prezes Zarz\u0105du,<\/p>\n<p>Micha\u0142 Wojtulewicz \u2013 Wiceprezes ds. Finans\u00f3w,<\/p>\n<p>Andrzej Garbacki \u2013 Wiceprezes ds. Rozwoju,<\/p>\n<p>Tomasz Micha\u0142ek\u00a0 &#8211; Cz\u0142onek zarz\u0105du ds. Sprzeda\u017cy i Marketingu,<\/p>\n<p>Pawe\u0142 Podsiad\u0142o \u2013 Cz\u0142onek Zarz\u0105du ds. IT,<\/p>\n<p>Ma\u0142gorzata Stoch \u2013 Cz\u0142onkini Zarz\u0105du ds. Ludzi i Warto\u015bci.<\/p>\n<ul>\n<li><img loading=\"lazy\" decoding=\"async\" class=\"aligncenter wp-image-7148 size-large\" src=\"https:\/\/www.astor.com.pl\/centrum-prasowe\/wp-content\/uploads\/sites\/2\/2025\/12\/Zarzad-768x1024.jpg\" alt=\"\" width=\"768\" height=\"1024\" srcset=\"https:\/\/www.astor.com.pl\/centrum-prasowe\/wp-content\/uploads\/sites\/2\/2025\/12\/Zarzad-768x1024.jpg 768w, https:\/\/www.astor.com.pl\/centrum-prasowe\/wp-content\/uploads\/sites\/2\/2025\/12\/Zarzad-225x300.jpg 225w, https:\/\/www.astor.com.pl\/centrum-prasowe\/wp-content\/uploads\/sites\/2\/2025\/12\/Zarzad-1152x1536.jpg 1152w, https:\/\/www.astor.com.pl\/centrum-prasowe\/wp-content\/uploads\/sites\/2\/2025\/12\/Zarzad.jpg 1202w\" sizes=\"auto, (max-width: 768px) 100vw, 768px\" \/><img loading=\"lazy\" decoding=\"async\" class=\"aligncenter wp-image-7149 size-large\" src=\"https:\/\/www.astor.com.pl\/centrum-prasowe\/wp-content\/uploads\/sites\/2\/2025\/12\/Rada-1024x798.jpg\" alt=\"\" width=\"1024\" height=\"798\" srcset=\"https:\/\/www.astor.com.pl\/centrum-prasowe\/wp-content\/uploads\/sites\/2\/2025\/12\/Rada-1024x798.jpg 1024w, https:\/\/www.astor.com.pl\/centrum-prasowe\/wp-content\/uploads\/sites\/2\/2025\/12\/Rada-300x234.jpg 300w, https:\/\/www.astor.com.pl\/centrum-prasowe\/wp-content\/uploads\/sites\/2\/2025\/12\/Rada-768x599.jpg 768w, https:\/\/www.astor.com.pl\/centrum-prasowe\/wp-content\/uploads\/sites\/2\/2025\/12\/Rada.jpg 1202w\" sizes=\"auto, (max-width: 1024px) 100vw, 1024px\" \/><\/li>\n<\/ul>\n<p>Wzmocnienie zarz\u0105du odpowiada czterem g\u0142\u00f3wnym liniom biznesowym ASTOR: automatyzacji, robotyzacji, oprogramowaniu przemys\u0142owemu i intralogistyce, za kt\u00f3re odpowiedzialno\u015b\u0107 wzi\u0105\u0142 zesp\u00f3\u0142 dyrektor\u00f3w: Ma\u0142gorzata Hadwiczak, Dariusz Biega, Marek Zamojski i Adam Pajda. Zmiany te wspieraj\u0105 zwinne zarz\u0105dzanie firm\u0105, jednocze\u015bnie podkre\u015blaj\u0105c znaczenie ludzi jako kluczowych uczestnik\u00f3w tej transformacji a tak\u017ce rol\u0119 technologii i odpowiedzialnego rozwoju finansowego.<\/p>\n<h2><strong>ASTOR 2025+: Strategia globalnego przyspieszenia<\/strong><\/h2>\n<p>Nowy plan strategiczny przewiduje dalsze umacnianie pozycji na rynku polskim, ale jego kluczowym wyr\u00f3\u017cnikiem jest \u015bwiadome wej\u015bcie na rynki mi\u0119dzynarodowe. ASTOR zapowiada koncentracj\u0119 dzia\u0142a\u0144 w Stanach Zjednoczonych, Europie \u015arodkowo-Wschodniej oraz Japonii.<\/p>\n<p>Jak podkre\u015bla Prezes ASTOR, Jaros\u0142aw Gracel, strategia 2025+ jest narz\u0119dziem do przysz\u0142o\u015bciowego, produktywnego dzia\u0142ania:<\/p>\n<p>\u2013 <em>Kluczowym s\u0142owem tej strategii jest produktywno\u015b\u0107. Najcenniejsz\u0105 walut\u0105, jak\u0105 mamy, jest czas \u2013 zar\u00f3wno nasz, jak i naszych klient\u00f3w. Budujemy firm\u0119, w kt\u00f3rej ka\u017cdy wykorzystuje swoje talenty, a ka\u017cdego dnia powstaje realna warto\u015b\u0107 dla rynku. Chcemy inspirowa\u0107 przemys\u0142, jednocze\u015bnie rozwijaj\u0105c si\u0119 globalnie i odpowiedzialnie<\/em>.<\/p>\n<p>Wieloletnie do\u015bwiadczenia, jako\u015b\u0107 technologii oraz elastyczno\u015b\u0107 dzia\u0142ania \u2013 jak wskazuje zarz\u0105d \u2013 stwarzaj\u0105 solidne fundamenty do wej\u015bcia na nowe rynki. Coraz cz\u0119stsze projekty zagraniczne potwierdzaj\u0105 konkurencyjno\u015b\u0107 produkt\u00f3w ASTOR oraz partner\u00f3w technologicznych firmy.<\/p>\n<h2><strong>Strategia budowana przez ludzi i dla ludzi<\/strong><\/h2>\n<p>W proces opracowania strategii zaanga\u017cowana by\u0142a wi\u0119kszo\u015b\u0107 pracownik\u00f3w ASTOR, a kierownikiem projektu by\u0142 Pawe\u0142 Podsiad\u0142o, cz\u0142onek zarz\u0105du ds. IT. Podkre\u015bla on, \u017ce to strategia zbudowana wsp\u00f3lnie, w duchu transparentno\u015bci i odpowiedzialno\u015bci:<\/p>\n<p>\u2013 <em>Strategia firmowa to mapa, d\u0142ugofalowy plan prowadz\u0105cy nas do realizacji naszej wizji. Zaanga\u017cowanie zespo\u0142u daje nam pewno\u015b\u0107, \u017ce kierunek jest wsp\u00f3lny, a realizacja \u2013 mo\u017cliwa. Naszym marzeniem jest sta\u0107 si\u0119 najbardziej zaufanym dostawc\u0105 inteligentnych technologii dla przemys\u0142u w Europie \u015arodkowo-Wschodniej. Ta strategia przygotowuje nas do dzia\u0142ania globalnego, rozwoju modelu biznesowego i budowania inspiruj\u0105cego \u015brodowiska pracy<\/em>.<\/p>\n<p>Jako dyrektor IT, Pawe\u0142 Podsiad\u0142o akcentuje r\u00f3wnie\u017c znaczenie Sprawno\u015bci Operacyjnej:<\/p>\n<p>\u2013 <em>Transformacja cyfrowa obejmie obszary wsparcia technicznego, bud\u017cetowania i obiegu dokument\u00f3w zakupowych. Jednocze\u015bnie dostosowujemy nasze narz\u0119dzia do reali\u00f3w mi\u0119dzynarodowych. Dzi\u0119ki temu zwi\u0119kszymy warto\u015b\u0107, jak\u0105 dostarczamy klientom oraz nasz\u0105 wewn\u0119trzn\u0105 efektywno\u015b\u0107<\/em>.<\/p>\n<h2><strong>Ludzie i warto\u015bci \u2013 serce Strategii 2025+<\/strong><\/h2>\n<p>Obj\u0119cie funkcji cz\u0142onka zarz\u0105du ds. Ludzi i Warto\u015bci przez Ma\u0142gorzat\u0119 Stoch to wyra\u017any sygna\u0142, \u017ce kultura organizacyjna i rozw\u00f3j pracownik\u00f3w pozostaj\u0105 jednym z niezmiennych filar\u00f3w ASTOR.\u00a0 To naturalna kontynuacj\u0105 pracy Agnieszki Polita\u0144skiej, kt\u00f3ra przez lata budowa\u0142a kultur\u0119 opart\u0105 na zaufaniu, przyjazno\u015bci, partnerskim podej\u015bciu i odpowiedzialno\u015bci. Ma\u0142gorzata\u00a0 Stoch rozwija ten fundament, wzmacniaj\u0105c znaczenie kultury organizacyjnej w nowym cyklu strategicznym.<\/p>\n<blockquote><p>\u00a0<em>W ASTOR #chodzioludzi. Wierzymy, \u017ce prawdziw\u0105 si\u0142\u0105 firmy s\u0105 ludzie. Chcemy budowa\u0107 \u015brodowisko pracy, kt\u00f3re daje satysfakcj\u0119, pozwala si\u0119 rozwija\u0107 i zach\u0119ca do odpowiedzialno\u015bci. W strategii 2025+ odpowiadamy na wyzwania wsp\u00f3\u0142czesnego rynku: rosn\u0105ce oczekiwania, r\u00f3\u017cnorodno\u015b\u0107, elastyczno\u015b\u0107, a tak\u017ce konieczno\u015b\u0107 budowania silnej marki pracodawcy<\/em><\/p><\/blockquote>\n<p>\u2013 m\u00f3wi Ma\u0142gorzata Stoch.<\/p>\n<p>W\u015br\u00f3d priorytet\u00f3w na najbli\u017csze lata wymienia m.in.:<\/p>\n<ul>\n<li>budowanie sp\u00f3jnego wizerunku ASTOR jako pracodawcy,<\/li>\n<li>zapewnienie jednolitego i warto\u015bciowego procesu wdro\u017cenia nowych pracownik\u00f3w,<\/li>\n<li>dzia\u0142ania wzmacniaj\u0105ce d\u0142ugotrwa\u0142e relacje pracownik\u00f3w z firm\u0105.<\/li>\n<\/ul>\n<blockquote><p>\u00a0<em>Chcemy, aby ka\u017cdy pracownik nie tylko m\u00f3wi\u0142, ale naprawd\u0119 czu\u0142, \u017ce #LubimyPoniedzia\u0142ki jest autentyczne. By nowi cz\u0142onkowie zespo\u0142u od pierwszego dnia widzieli w ASTOR miejsce do rozwoju i realnego wp\u0142ywu na nasze wsp\u00f3lne sukcesy<\/em>.<\/p><\/blockquote>\n<h2><strong>Sprzeda\u017c i marketing \u2013 r\u00f3wnowaga czterech linii biznesowych<\/strong><\/h2>\n<p>Tomasz Micha\u0142ek, Cz\u0142onek Zarz\u0105du ds. Sprzeda\u017cy i Marketingu, podkre\u015bla znaczenie r\u00f3wnowagi mi\u0119dzy liniami biznesowymi w nowym cyklu strategicznym:<\/p>\n<blockquote><p><em>Nasza oferta obejmuje technologie o r\u00f3\u017cnym potencjale i stopniu dojrza\u0142o\u015bci rynkowej. Dlatego w strategii 2025+ stawiamy na zr\u00f3wnowa\u017cony rozw\u00f3j wszystkich czterech linii biznesowych. Wzmacniamy relacje z partnerami technologicznymi, rozwijamy naszych integrator\u00f3w i dostarczamy klientom rozwi\u0105zania, kt\u00f3re realnie podnosz\u0105 produktywno\u015b\u0107 i bezpiecze\u0144stwo produkcji. Wchodz\u0105c na rynki mi\u0119dzynarodowe, pozostajemy wierni temu, co zawsze by\u0142o nasz\u0105 si\u0142\u0105 \u2013 profesjonalizmowi, partnerstwu i zaufaniu<\/em><em>.<\/em><\/p><\/blockquote>\n<h2><strong>Odpowiedzialne finanse \u2013 fundament zdrowego wzrostu<\/strong><\/h2>\n<p>Za obszar finans\u00f3w w zarz\u0105dzie odpowiada Micha\u0142 Wojtulewicz, kt\u00f3ry w strategii 2025+ podkre\u015bla wag\u0119 stabilno\u015bci i odporno\u015bci na zmienno\u015b\u0107 rynku:<\/p>\n<blockquote><p>\u00a0<em>Odpowiedzialne finanse to dla nas zdolno\u015b\u0107 do przewidywania, ale te\u017c do m\u0105drego<\/em><em> inwestowania. Wspieramy rozw\u00f3j firmy tak, aby by\u0142 zdrowy i zr\u00f3wnowa\u017cony, zar\u00f3wno w Polsce, jak i za granic\u0105. W perspektywie globalnej ro\u015bnie znaczenie elastycznych modeli finansowania projekt\u00f3w oraz efektywnego zarz\u0105dzania kosztami \u2013 i na tym b\u0119dziemy si\u0119 koncentrowa\u0107.<\/em><\/p><\/blockquote>\n<h2><strong>\u00a0<\/strong><strong>Rozw\u00f3j i innowacje \u2013 spojrzenie w przysz\u0142o\u015b\u0107<\/strong><\/h2>\n<p>Wiceprezes ds. Rozwoju, Andrzej Garbacki, akcentuje rol\u0119 nowych modeli biznesowych i wsp\u00f3\u0142pracy mi\u0119dzynarodowej:<\/p>\n<blockquote><p><em>Moim wyzwaniem w zarz\u0105dzie jest takie prowadzenie firmowych inicjatyw, aby tworzy\u0142y przewag\u0119 konkurencyjn\u0105 ASTOR na kolejne lata. Strategia 2025+ wzmacnia nasze dzia\u0142ania w obszarach nowych produkt\u00f3w, wsp\u00f3\u0142pracy z globalnymi partnerami i rozwijania projekt\u00f3w w\u0142asnych \u2013 takich jak ASTORINO, robot edukacyjny tworzony w Polsce i dystrybuowany na ca\u0142ym \u015bwiecie. To dow\u00f3d, \u017ce wchodzimy w er\u0119 globalnej innowacyjno\u015bci.<\/em><\/p><\/blockquote>\n<h2><strong>Misja ASTOR pozostaje niezmienna<\/strong><\/h2>\n<p>Nowa strategia w dalszym ci\u0105gu opiera si\u0119 misji \u201eOdpowiedzialnie i humanistycznie prowadzimy do przemys\u0142u przysz\u0142o\u015bci.\u201d To podej\u015bcie \u2013 jak podkre\u015bla zarz\u0105d \u2013 wyznacza kierunek na kolejne lata i stanowi filar wszystkich dzia\u0142a\u0144: technologicznych, operacyjnych, sprzeda\u017cowych i organizacyjnych.<\/p>\n<h2><strong>ASTOR 2025+: kierunek \u2013 globalny, rozw\u00f3j \u2013 odpowiedzialny, fundament \u2013 ludzie<\/strong><\/h2>\n<p>Strategia 2025+ jest efektem zwinnego procesu tworzenia (opartego na metodyce Czterolistnej Koniczyny prof. Roberta Kozielskiego), anga\u017cuj\u0105cego szerokie grono pracownik\u00f3w i kierownictwa. Opiera si\u0119 na rozwoju ludzi, oferty i modeli biznesowych, przy jednoczesnym zachowaniu zdrowego wzrostu firmy. Motto strategii 2025+: Zesp\u00f3\u0142 Zespo\u0142\u00f3w. Przyjazno\u015b\u0107, zaufanie, zwinno\u015b\u0107 podkre\u015bla wsp\u00f3\u0142prac\u0119 ponad dzia\u0142ami i lokalizacjami, opart\u0105 na wsp\u00f3lnych warto\u015bciach i zaufaniu.<\/p>\n<p>&nbsp;<\/p>\n<p>&nbsp;<\/p>\n<p>&nbsp;<\/p>\n","protected":false},"excerpt":{"rendered":"<p>ASTOR 2025+ i Zesp\u00f3\u0142 Zespo\u0142\u00f3w. Przyjazno\u015b\u0107, zaufanie, zwinno\u015b\u0107 to motto nowej strategii ASTOR.  Jej  g\u0142\u00f3wnym celem jest przekszta\u0142cenie firmy w silnego, mi\u0119dzynarodowego dostawc\u0119 inteligentnych technologii dla przemys\u0142u. Wraz z prezentacj\u0105 strategicznego kierunku, sp\u00f3\u0142ka poinformowa\u0142a o kolejnych etapach sukcesji mened\u017cerskiej, zmianach w sk\u0142adzie zarz\u0105du oraz o rozszerzeniu sk\u0142adu rady strategicznej.<\/p>\n","protected":false},"author":5,"featured_media":7147,"comment_status":"closed","ping_status":"closed","sticky":false,"template":"","format":"standard","meta":{"_acf_changed":false,"footnotes":""},"categories":[2],"tags":[],"class_list":["post-7131","post","type-post","status-publish","format-standard","has-post-thumbnail","hentry","category-centrum-prasowe-centrum-prasowe"],"acf":[],"yoast_head":"<!-- This site is optimized with the Yoast SEO plugin v27.3 - https:\/\/yoast.com\/product\/yoast-seo-wordpress\/ -->\r\n<title>ASTOR og\u0142asza strategi\u0119 2025+ oraz zmiany w zarz\u0105dzie. Firma przyspiesza globalny rozw\u00f3j i wzmacnia kompetencje przyw\u00f3dcze - Centrum Prasowe<\/title>\r\n<meta name=\"description\" content=\"Strategia ASTOR 2025+. Zesp\u00f3\u0142 Zespo\u0142\u00f3w. Przyjazno\u015b\u0107, zaufanie, zwinno\u015b\u0107.\" \/>\r\n<meta name=\"robots\" content=\"index, follow, max-snippet:-1, max-image-preview:large, max-video-preview:-1\" \/>\r\n<link rel=\"canonical\" href=\"https:\/\/www.astor.com.pl\/centrum-prasowe\/astor-oglasza-strategie-2025-oraz-zmiany-w-zarzadzie-firma-przyspiesza-globalny-rozwoj-i-wzmacnia-kompetencje-przywodcze\/\" \/>\r\n<meta property=\"og:locale\" content=\"pl_PL\" \/>\r\n<meta property=\"og:type\" content=\"article\" \/>\r\n<meta property=\"og:title\" content=\"ASTOR og\u0142asza strategi\u0119 2025+ oraz zmiany w zarz\u0105dzie. Firma przyspiesza globalny rozw\u00f3j i wzmacnia kompetencje przyw\u00f3dcze - Centrum Prasowe\" \/>\r\n<meta property=\"og:description\" content=\"Strategia ASTOR 2025+. Zesp\u00f3\u0142 Zespo\u0142\u00f3w. Przyjazno\u015b\u0107, zaufanie, zwinno\u015b\u0107.\" \/>\r\n<meta property=\"og:url\" content=\"https:\/\/www.astor.com.pl\/centrum-prasowe\/astor-oglasza-strategie-2025-oraz-zmiany-w-zarzadzie-firma-przyspiesza-globalny-rozwoj-i-wzmacnia-kompetencje-przywodcze\/\" \/>\r\n<meta property=\"og:site_name\" content=\"Centrum Prasowe\" \/>\r\n<meta property=\"article:published_time\" content=\"2025-12-18T10:32:27+00:00\" \/>\r\n<meta property=\"article:modified_time\" content=\"2025-12-19T13:28:25+00:00\" \/>\r\n<meta property=\"og:image\" content=\"https:\/\/www.astor.com.pl\/centrum-prasowe\/wp-content\/uploads\/sites\/2\/2025\/12\/Strategia-25.webp\" \/>\r\n\t<meta property=\"og:image:width\" content=\"768\" \/>\r\n\t<meta property=\"og:image:height\" content=\"512\" \/>\r\n\t<meta property=\"og:image:type\" content=\"image\/webp\" \/>\r\n<meta name=\"author\" content=\"Renata Poreda\" \/>\r\n<meta name=\"twitter:card\" content=\"summary_large_image\" \/>\r\n<meta name=\"twitter:label1\" content=\"Napisane przez\" \/>\n\t<meta name=\"twitter:data1\" content=\"Renata Poreda\" \/>\n\t<meta name=\"twitter:label2\" content=\"Szacowany czas czytania\" \/>\n\t<meta name=\"twitter:data2\" content=\"6 minut\" \/>\r\n<script type=\"application\/ld+json\" class=\"yoast-schema-graph\">{\"@context\":\"https:\\\/\\\/schema.org\",\"@graph\":[{\"@type\":\"Article\",\"@id\":\"https:\\\/\\\/www.astor.com.pl\\\/centrum-prasowe\\\/astor-oglasza-strategie-2025-oraz-zmiany-w-zarzadzie-firma-przyspiesza-globalny-rozwoj-i-wzmacnia-kompetencje-przywodcze\\\/#article\",\"isPartOf\":{\"@id\":\"https:\\\/\\\/www.astor.com.pl\\\/centrum-prasowe\\\/astor-oglasza-strategie-2025-oraz-zmiany-w-zarzadzie-firma-przyspiesza-globalny-rozwoj-i-wzmacnia-kompetencje-przywodcze\\\/\"},\"author\":{\"name\":\"Renata Poreda\",\"@id\":\"https:\\\/\\\/www.astor.com.pl\\\/centrum-prasowe\\\/#\\\/schema\\\/person\\\/613f2de52067bc2edd4bd7cb86d7211f\"},\"headline\":\"ASTOR og\u0142asza strategi\u0119 2025+ oraz zmiany w zarz\u0105dzie. Firma przyspiesza globalny rozw\u00f3j i wzmacnia kompetencje przyw\u00f3dcze\",\"datePublished\":\"2025-12-18T10:32:27+00:00\",\"dateModified\":\"2025-12-19T13:28:25+00:00\",\"mainEntityOfPage\":{\"@id\":\"https:\\\/\\\/www.astor.com.pl\\\/centrum-prasowe\\\/astor-oglasza-strategie-2025-oraz-zmiany-w-zarzadzie-firma-przyspiesza-globalny-rozwoj-i-wzmacnia-kompetencje-przywodcze\\\/\"},\"wordCount\":1284,\"image\":{\"@id\":\"https:\\\/\\\/www.astor.com.pl\\\/centrum-prasowe\\\/astor-oglasza-strategie-2025-oraz-zmiany-w-zarzadzie-firma-przyspiesza-globalny-rozwoj-i-wzmacnia-kompetencje-przywodcze\\\/#primaryimage\"},\"thumbnailUrl\":\"https:\\\/\\\/www.astor.com.pl\\\/centrum-prasowe\\\/wp-content\\\/uploads\\\/sites\\\/2\\\/2025\\\/12\\\/Strategia-25.webp\",\"articleSection\":[\"Centrum prasowe\"],\"inLanguage\":\"pl-PL\"},{\"@type\":\"WebPage\",\"@id\":\"https:\\\/\\\/www.astor.com.pl\\\/centrum-prasowe\\\/astor-oglasza-strategie-2025-oraz-zmiany-w-zarzadzie-firma-przyspiesza-globalny-rozwoj-i-wzmacnia-kompetencje-przywodcze\\\/\",\"url\":\"https:\\\/\\\/www.astor.com.pl\\\/centrum-prasowe\\\/astor-oglasza-strategie-2025-oraz-zmiany-w-zarzadzie-firma-przyspiesza-globalny-rozwoj-i-wzmacnia-kompetencje-przywodcze\\\/\",\"name\":\"ASTOR og\u0142asza strategi\u0119 2025+ oraz zmiany w zarz\u0105dzie. Firma przyspiesza globalny rozw\u00f3j i wzmacnia kompetencje przyw\u00f3dcze - Centrum Prasowe\",\"isPartOf\":{\"@id\":\"https:\\\/\\\/www.astor.com.pl\\\/centrum-prasowe\\\/#website\"},\"primaryImageOfPage\":{\"@id\":\"https:\\\/\\\/www.astor.com.pl\\\/centrum-prasowe\\\/astor-oglasza-strategie-2025-oraz-zmiany-w-zarzadzie-firma-przyspiesza-globalny-rozwoj-i-wzmacnia-kompetencje-przywodcze\\\/#primaryimage\"},\"image\":{\"@id\":\"https:\\\/\\\/www.astor.com.pl\\\/centrum-prasowe\\\/astor-oglasza-strategie-2025-oraz-zmiany-w-zarzadzie-firma-przyspiesza-globalny-rozwoj-i-wzmacnia-kompetencje-przywodcze\\\/#primaryimage\"},\"thumbnailUrl\":\"https:\\\/\\\/www.astor.com.pl\\\/centrum-prasowe\\\/wp-content\\\/uploads\\\/sites\\\/2\\\/2025\\\/12\\\/Strategia-25.webp\",\"datePublished\":\"2025-12-18T10:32:27+00:00\",\"dateModified\":\"2025-12-19T13:28:25+00:00\",\"author\":{\"@id\":\"https:\\\/\\\/www.astor.com.pl\\\/centrum-prasowe\\\/#\\\/schema\\\/person\\\/613f2de52067bc2edd4bd7cb86d7211f\"},\"description\":\"Strategia ASTOR 2025+. Zesp\u00f3\u0142 Zespo\u0142\u00f3w. Przyjazno\u015b\u0107, zaufanie, zwinno\u015b\u0107.\",\"breadcrumb\":{\"@id\":\"https:\\\/\\\/www.astor.com.pl\\\/centrum-prasowe\\\/astor-oglasza-strategie-2025-oraz-zmiany-w-zarzadzie-firma-przyspiesza-globalny-rozwoj-i-wzmacnia-kompetencje-przywodcze\\\/#breadcrumb\"},\"inLanguage\":\"pl-PL\",\"potentialAction\":[{\"@type\":\"ReadAction\",\"target\":[\"https:\\\/\\\/www.astor.com.pl\\\/centrum-prasowe\\\/astor-oglasza-strategie-2025-oraz-zmiany-w-zarzadzie-firma-przyspiesza-globalny-rozwoj-i-wzmacnia-kompetencje-przywodcze\\\/\"]}]},{\"@type\":\"ImageObject\",\"inLanguage\":\"pl-PL\",\"@id\":\"https:\\\/\\\/www.astor.com.pl\\\/centrum-prasowe\\\/astor-oglasza-strategie-2025-oraz-zmiany-w-zarzadzie-firma-przyspiesza-globalny-rozwoj-i-wzmacnia-kompetencje-przywodcze\\\/#primaryimage\",\"url\":\"https:\\\/\\\/www.astor.com.pl\\\/centrum-prasowe\\\/wp-content\\\/uploads\\\/sites\\\/2\\\/2025\\\/12\\\/Strategia-25.webp\",\"contentUrl\":\"https:\\\/\\\/www.astor.com.pl\\\/centrum-prasowe\\\/wp-content\\\/uploads\\\/sites\\\/2\\\/2025\\\/12\\\/Strategia-25.webp\",\"width\":768,\"height\":512},{\"@type\":\"BreadcrumbList\",\"@id\":\"https:\\\/\\\/www.astor.com.pl\\\/centrum-prasowe\\\/astor-oglasza-strategie-2025-oraz-zmiany-w-zarzadzie-firma-przyspiesza-globalny-rozwoj-i-wzmacnia-kompetencje-przywodcze\\\/#breadcrumb\",\"itemListElement\":[{\"@type\":\"ListItem\",\"position\":1,\"name\":\"Centrum prasowe\",\"item\":\"https:\\\/\\\/www.astor.com.pl\\\/centrum-prasowe\\\/\"},{\"@type\":\"ListItem\",\"position\":2,\"name\":\"ASTOR og\u0142asza strategi\u0119 2025+ oraz zmiany w zarz\u0105dzie. Firma przyspiesza globalny rozw\u00f3j i wzmacnia kompetencje przyw\u00f3dcze\"}]},{\"@type\":\"WebSite\",\"@id\":\"https:\\\/\\\/www.astor.com.pl\\\/centrum-prasowe\\\/#website\",\"url\":\"https:\\\/\\\/www.astor.com.pl\\\/centrum-prasowe\\\/\",\"name\":\"Centrum Prasowe\",\"description\":\"ASTOR\",\"potentialAction\":[{\"@type\":\"SearchAction\",\"target\":{\"@type\":\"EntryPoint\",\"urlTemplate\":\"https:\\\/\\\/www.astor.com.pl\\\/centrum-prasowe\\\/?s={search_term_string}\"},\"query-input\":{\"@type\":\"PropertyValueSpecification\",\"valueRequired\":true,\"valueName\":\"search_term_string\"}}],\"inLanguage\":\"pl-PL\"},{\"@type\":\"Person\",\"@id\":\"https:\\\/\\\/www.astor.com.pl\\\/centrum-prasowe\\\/#\\\/schema\\\/person\\\/613f2de52067bc2edd4bd7cb86d7211f\",\"name\":\"Renata Poreda\",\"image\":{\"@type\":\"ImageObject\",\"inLanguage\":\"pl-PL\",\"@id\":\"https:\\\/\\\/secure.gravatar.com\\\/avatar\\\/d87fa85a300356f3df672bec9cdcd0c582c432a7c2c7c547a0b20462acd44af6?s=96&d=mm&r=g\",\"url\":\"https:\\\/\\\/secure.gravatar.com\\\/avatar\\\/d87fa85a300356f3df672bec9cdcd0c582c432a7c2c7c547a0b20462acd44af6?s=96&d=mm&r=g\",\"contentUrl\":\"https:\\\/\\\/secure.gravatar.com\\\/avatar\\\/d87fa85a300356f3df672bec9cdcd0c582c432a7c2c7c547a0b20462acd44af6?s=96&d=mm&r=g\",\"caption\":\"Renata Poreda\"},\"url\":\"https:\\\/\\\/www.astor.com.pl\\\/centrum-prasowe\\\/author\\\/renatap\\\/\"}]}<\/script>\r\n<!-- \/ Yoast SEO plugin. -->","yoast_head_json":{"title":"ASTOR og\u0142asza strategi\u0119 2025+ oraz zmiany w zarz\u0105dzie. Firma przyspiesza globalny rozw\u00f3j i wzmacnia kompetencje przyw\u00f3dcze - Centrum Prasowe","description":"Strategia ASTOR 2025+. Zesp\u00f3\u0142 Zespo\u0142\u00f3w. Przyjazno\u015b\u0107, zaufanie, zwinno\u015b\u0107.","robots":{"index":"index","follow":"follow","max-snippet":"max-snippet:-1","max-image-preview":"max-image-preview:large","max-video-preview":"max-video-preview:-1"},"canonical":"https:\/\/www.astor.com.pl\/centrum-prasowe\/astor-oglasza-strategie-2025-oraz-zmiany-w-zarzadzie-firma-przyspiesza-globalny-rozwoj-i-wzmacnia-kompetencje-przywodcze\/","og_locale":"pl_PL","og_type":"article","og_title":"ASTOR og\u0142asza strategi\u0119 2025+ oraz zmiany w zarz\u0105dzie. Firma przyspiesza globalny rozw\u00f3j i wzmacnia kompetencje przyw\u00f3dcze - Centrum Prasowe","og_description":"Strategia ASTOR 2025+. Zesp\u00f3\u0142 Zespo\u0142\u00f3w. Przyjazno\u015b\u0107, zaufanie, zwinno\u015b\u0107.","og_url":"https:\/\/www.astor.com.pl\/centrum-prasowe\/astor-oglasza-strategie-2025-oraz-zmiany-w-zarzadzie-firma-przyspiesza-globalny-rozwoj-i-wzmacnia-kompetencje-przywodcze\/","og_site_name":"Centrum Prasowe","article_published_time":"2025-12-18T10:32:27+00:00","article_modified_time":"2025-12-19T13:28:25+00:00","og_image":[{"width":768,"height":512,"url":"https:\/\/www.astor.com.pl\/centrum-prasowe\/wp-content\/uploads\/sites\/2\/2025\/12\/Strategia-25.webp","type":"image\/webp"}],"author":"Renata Poreda","twitter_card":"summary_large_image","twitter_misc":{"Napisane przez":"Renata Poreda","Szacowany czas czytania":"6 minut"},"schema":{"@context":"https:\/\/schema.org","@graph":[{"@type":"Article","@id":"https:\/\/www.astor.com.pl\/centrum-prasowe\/astor-oglasza-strategie-2025-oraz-zmiany-w-zarzadzie-firma-przyspiesza-globalny-rozwoj-i-wzmacnia-kompetencje-przywodcze\/#article","isPartOf":{"@id":"https:\/\/www.astor.com.pl\/centrum-prasowe\/astor-oglasza-strategie-2025-oraz-zmiany-w-zarzadzie-firma-przyspiesza-globalny-rozwoj-i-wzmacnia-kompetencje-przywodcze\/"},"author":{"name":"Renata Poreda","@id":"https:\/\/www.astor.com.pl\/centrum-prasowe\/#\/schema\/person\/613f2de52067bc2edd4bd7cb86d7211f"},"headline":"ASTOR og\u0142asza strategi\u0119 2025+ oraz zmiany w zarz\u0105dzie. Firma przyspiesza globalny rozw\u00f3j i wzmacnia kompetencje przyw\u00f3dcze","datePublished":"2025-12-18T10:32:27+00:00","dateModified":"2025-12-19T13:28:25+00:00","mainEntityOfPage":{"@id":"https:\/\/www.astor.com.pl\/centrum-prasowe\/astor-oglasza-strategie-2025-oraz-zmiany-w-zarzadzie-firma-przyspiesza-globalny-rozwoj-i-wzmacnia-kompetencje-przywodcze\/"},"wordCount":1284,"image":{"@id":"https:\/\/www.astor.com.pl\/centrum-prasowe\/astor-oglasza-strategie-2025-oraz-zmiany-w-zarzadzie-firma-przyspiesza-globalny-rozwoj-i-wzmacnia-kompetencje-przywodcze\/#primaryimage"},"thumbnailUrl":"https:\/\/www.astor.com.pl\/centrum-prasowe\/wp-content\/uploads\/sites\/2\/2025\/12\/Strategia-25.webp","articleSection":["Centrum prasowe"],"inLanguage":"pl-PL"},{"@type":"WebPage","@id":"https:\/\/www.astor.com.pl\/centrum-prasowe\/astor-oglasza-strategie-2025-oraz-zmiany-w-zarzadzie-firma-przyspiesza-globalny-rozwoj-i-wzmacnia-kompetencje-przywodcze\/","url":"https:\/\/www.astor.com.pl\/centrum-prasowe\/astor-oglasza-strategie-2025-oraz-zmiany-w-zarzadzie-firma-przyspiesza-globalny-rozwoj-i-wzmacnia-kompetencje-przywodcze\/","name":"ASTOR og\u0142asza strategi\u0119 2025+ oraz zmiany w zarz\u0105dzie. Firma przyspiesza globalny rozw\u00f3j i wzmacnia kompetencje przyw\u00f3dcze - Centrum Prasowe","isPartOf":{"@id":"https:\/\/www.astor.com.pl\/centrum-prasowe\/#website"},"primaryImageOfPage":{"@id":"https:\/\/www.astor.com.pl\/centrum-prasowe\/astor-oglasza-strategie-2025-oraz-zmiany-w-zarzadzie-firma-przyspiesza-globalny-rozwoj-i-wzmacnia-kompetencje-przywodcze\/#primaryimage"},"image":{"@id":"https:\/\/www.astor.com.pl\/centrum-prasowe\/astor-oglasza-strategie-2025-oraz-zmiany-w-zarzadzie-firma-przyspiesza-globalny-rozwoj-i-wzmacnia-kompetencje-przywodcze\/#primaryimage"},"thumbnailUrl":"https:\/\/www.astor.com.pl\/centrum-prasowe\/wp-content\/uploads\/sites\/2\/2025\/12\/Strategia-25.webp","datePublished":"2025-12-18T10:32:27+00:00","dateModified":"2025-12-19T13:28:25+00:00","author":{"@id":"https:\/\/www.astor.com.pl\/centrum-prasowe\/#\/schema\/person\/613f2de52067bc2edd4bd7cb86d7211f"},"description":"Strategia ASTOR 2025+. Zesp\u00f3\u0142 Zespo\u0142\u00f3w. Przyjazno\u015b\u0107, zaufanie, zwinno\u015b\u0107.","breadcrumb":{"@id":"https:\/\/www.astor.com.pl\/centrum-prasowe\/astor-oglasza-strategie-2025-oraz-zmiany-w-zarzadzie-firma-przyspiesza-globalny-rozwoj-i-wzmacnia-kompetencje-przywodcze\/#breadcrumb"},"inLanguage":"pl-PL","potentialAction":[{"@type":"ReadAction","target":["https:\/\/www.astor.com.pl\/centrum-prasowe\/astor-oglasza-strategie-2025-oraz-zmiany-w-zarzadzie-firma-przyspiesza-globalny-rozwoj-i-wzmacnia-kompetencje-przywodcze\/"]}]},{"@type":"ImageObject","inLanguage":"pl-PL","@id":"https:\/\/www.astor.com.pl\/centrum-prasowe\/astor-oglasza-strategie-2025-oraz-zmiany-w-zarzadzie-firma-przyspiesza-globalny-rozwoj-i-wzmacnia-kompetencje-przywodcze\/#primaryimage","url":"https:\/\/www.astor.com.pl\/centrum-prasowe\/wp-content\/uploads\/sites\/2\/2025\/12\/Strategia-25.webp","contentUrl":"https:\/\/www.astor.com.pl\/centrum-prasowe\/wp-content\/uploads\/sites\/2\/2025\/12\/Strategia-25.webp","width":768,"height":512},{"@type":"BreadcrumbList","@id":"https:\/\/www.astor.com.pl\/centrum-prasowe\/astor-oglasza-strategie-2025-oraz-zmiany-w-zarzadzie-firma-przyspiesza-globalny-rozwoj-i-wzmacnia-kompetencje-przywodcze\/#breadcrumb","itemListElement":[{"@type":"ListItem","position":1,"name":"Centrum prasowe","item":"https:\/\/www.astor.com.pl\/centrum-prasowe\/"},{"@type":"ListItem","position":2,"name":"ASTOR og\u0142asza strategi\u0119 2025+ oraz zmiany w zarz\u0105dzie. Firma przyspiesza globalny rozw\u00f3j i wzmacnia kompetencje przyw\u00f3dcze"}]},{"@type":"WebSite","@id":"https:\/\/www.astor.com.pl\/centrum-prasowe\/#website","url":"https:\/\/www.astor.com.pl\/centrum-prasowe\/","name":"Centrum Prasowe","description":"ASTOR","potentialAction":[{"@type":"SearchAction","target":{"@type":"EntryPoint","urlTemplate":"https:\/\/www.astor.com.pl\/centrum-prasowe\/?s={search_term_string}"},"query-input":{"@type":"PropertyValueSpecification","valueRequired":true,"valueName":"search_term_string"}}],"inLanguage":"pl-PL"},{"@type":"Person","@id":"https:\/\/www.astor.com.pl\/centrum-prasowe\/#\/schema\/person\/613f2de52067bc2edd4bd7cb86d7211f","name":"Renata Poreda","image":{"@type":"ImageObject","inLanguage":"pl-PL","@id":"https:\/\/secure.gravatar.com\/avatar\/d87fa85a300356f3df672bec9cdcd0c582c432a7c2c7c547a0b20462acd44af6?s=96&d=mm&r=g","url":"https:\/\/secure.gravatar.com\/avatar\/d87fa85a300356f3df672bec9cdcd0c582c432a7c2c7c547a0b20462acd44af6?s=96&d=mm&r=g","contentUrl":"https:\/\/secure.gravatar.com\/avatar\/d87fa85a300356f3df672bec9cdcd0c582c432a7c2c7c547a0b20462acd44af6?s=96&d=mm&r=g","caption":"Renata Poreda"},"url":"https:\/\/www.astor.com.pl\/centrum-prasowe\/author\/renatap\/"}]}},"_links":{"self":[{"href":"https:\/\/www.astor.com.pl\/centrum-prasowe\/wp-json\/wp\/v2\/posts\/7131","targetHints":{"allow":["GET"]}}],"collection":[{"href":"https:\/\/www.astor.com.pl\/centrum-prasowe\/wp-json\/wp\/v2\/posts"}],"about":[{"href":"https:\/\/www.astor.com.pl\/centrum-prasowe\/wp-json\/wp\/v2\/types\/post"}],"author":[{"embeddable":true,"href":"https:\/\/www.astor.com.pl\/centrum-prasowe\/wp-json\/wp\/v2\/users\/5"}],"replies":[{"embeddable":true,"href":"https:\/\/www.astor.com.pl\/centrum-prasowe\/wp-json\/wp\/v2\/comments?post=7131"}],"version-history":[{"count":3,"href":"https:\/\/www.astor.com.pl\/centrum-prasowe\/wp-json\/wp\/v2\/posts\/7131\/revisions"}],"predecessor-version":[{"id":7151,"href":"https:\/\/www.astor.com.pl\/centrum-prasowe\/wp-json\/wp\/v2\/posts\/7131\/revisions\/7151"}],"wp:featuredmedia":[{"embeddable":true,"href":"https:\/\/www.astor.com.pl\/centrum-prasowe\/wp-json\/wp\/v2\/media\/7147"}],"wp:attachment":[{"href":"https:\/\/www.astor.com.pl\/centrum-prasowe\/wp-json\/wp\/v2\/media?parent=7131"}],"wp:term":[{"taxonomy":"category","embeddable":true,"href":"https:\/\/www.astor.com.pl\/centrum-prasowe\/wp-json\/wp\/v2\/categories?post=7131"},{"taxonomy":"post_tag","embeddable":true,"href":"https:\/\/www.astor.com.pl\/centrum-prasowe\/wp-json\/wp\/v2\/tags?post=7131"}],"curies":[{"name":"wp","href":"https:\/\/api.w.org\/{rel}","templated":true}]}}