{"id":7117,"date":"2025-12-15T11:24:33","date_gmt":"2025-12-15T10:24:33","guid":{"rendered":"https:\/\/www.astor.com.pl\/centrum-prasowe\/?p=7117"},"modified":"2025-12-15T11:30:43","modified_gmt":"2025-12-15T10:30:43","slug":"premiera-astorino-na-irex-2025-w-tokio-polski-robot-edukacyjny-w-centrum-swiatowej-robotyki-we-wspolpracy-z-kawasaki-heavy-industries","status":"publish","type":"post","link":"https:\/\/www.astor.com.pl\/centrum-prasowe\/premiera-astorino-na-irex-2025-w-tokio-polski-robot-edukacyjny-w-centrum-swiatowej-robotyki-we-wspolpracy-z-kawasaki-heavy-industries\/","title":{"rendered":"Premiera Astorino na iREX 2025 w Tokio. Polski robot edukacyjny w centrum \u015bwiatowej robotyki we wsp\u00f3\u0142pracy z Kawasaki Heavy Industries"},"content":{"rendered":"<p><strong>Po prezentacji na Wystawie \u015awiatowej Expo 2025 w Osace, kolejnym, strategicznym krokiem w mi\u0119dzynarodowym rozwoju robota edukacyjnego Astorino jest jego obecno\u015b\u0107 na International Robot Exhibition iREX 2025 w Tokio \u2013 najwi\u0119kszych targach robotyki na \u015bwiecie. Robot prezentowany jest na stoisku Kawasaki Robotics, co stanowi symboliczny i biznesowy moment wej\u015bcia projektu w nowy etap globalnej wsp\u00f3\u0142pracy.<\/strong><\/p>\n<p><img loading=\"lazy\" decoding=\"async\" class=\"aligncenter wp-image-7118 size-large\" src=\"https:\/\/www.astor.com.pl\/centrum-prasowe\/wp-content\/uploads\/sites\/2\/2025\/12\/iREX-768x1024.jpg\" alt=\"\" width=\"768\" height=\"1024\" srcset=\"https:\/\/www.astor.com.pl\/centrum-prasowe\/wp-content\/uploads\/sites\/2\/2025\/12\/iREX-768x1024.jpg 768w, https:\/\/www.astor.com.pl\/centrum-prasowe\/wp-content\/uploads\/sites\/2\/2025\/12\/iREX-225x300.jpg 225w, https:\/\/www.astor.com.pl\/centrum-prasowe\/wp-content\/uploads\/sites\/2\/2025\/12\/iREX-1152x1536.jpg 1152w, https:\/\/www.astor.com.pl\/centrum-prasowe\/wp-content\/uploads\/sites\/2\/2025\/12\/iREX.jpg 1280w\" sizes=\"auto, (max-width: 768px) 100vw, 768px\" \/><\/p>\n<p>&nbsp;<\/p>\n<p>iREX to wydarzenie, kt\u00f3re od ponad 50 lat wyznacza kierunki rozwoju \u015bwiatowej robotyki \u2013 od przemys\u0142u ci\u0119\u017ckiego, przez logistyk\u0119, medycyn\u0119 i automatyk\u0119, po edukacj\u0119 oraz roboty wsp\u00f3\u0142pracuj\u0105ce z cz\u0142owiekiem. Tegoroczne has\u0142o obecno\u015bci\u00a0 Kawasaki Heavy Industries na targach \u2013 <strong>\u201eMeet Your New Buddy\u201d<\/strong> \u2013 podkre\u015bla zmian\u0119 my\u015blenia o technologii: robot nie jest ju\u017c wy\u0142\u0105cznie maszyn\u0105, lecz partnerem cz\u0142owieka w pracy, nauce i rozwoju.<\/p>\n<blockquote><p>Has\u0142o \u201eMeet Your New Buddy\u201d doskonale pokazuje, w jakim kierunku zmierza dzi\u015b robotyka \u2013 od maszyn do partner\u00f3w cz\u0142owieka. To dok\u0142adnie ta sama filozofia, kt\u00f3r\u0105 od lat rozwijamy w ASTOR: technologia ma wspiera\u0107 ludzi, rozwija\u0107 ich kompetencje i by\u0107 coraz bardziej naturalnym narz\u0119dziem w codziennej pracy i nauce<\/p><\/blockquote>\n<p>\u2013 podkre\u015bla Dariusz Biega, Dyrektor Linii Biznesowej Robotyzacja w ASTOR.<\/p>\n<p>&nbsp;<\/p>\n<p>Ta idea jest w pe\u0142ni sp\u00f3jna z filozofi\u0105 ASTOR, od lat opisywan\u0105 jako podej\u015bcie, w kt\u00f3rym technologia spotyka cz\u0142owieka \u2013 nie po to, by go zast\u0119powa\u0107, lecz by wspiera\u0107 jego kompetencje, rozwija\u0107 kreatywno\u015b\u0107 i u\u0142atwia\u0107 nauk\u0119 poprzez praktyk\u0119.<\/p>\n<blockquote><p>Od pocz\u0105tku wierzymy, \u017ce robotyka powinna by\u0107 narz\u0119dziem rozwoju cz\u0142owieka, a nie barier\u0105. Astorino powsta\u0142 w\u0142a\u015bnie po to, by m\u0142odzi in\u017cynierowie mogli uczy\u0107 si\u0119 przez codzienne dzia\u0142anie, testowanie i b\u0142\u0119dy<\/p><\/blockquote>\n<p>\u2013 dodaje Dariusz Biega.<\/p>\n<h2><strong>Oficjalna prezentacja Astorino na japo\u0144skiej stronie iREX<\/strong><\/h2>\n<p>Na oficjalnej japo\u0144skiej stronie Kawasaki po\u015bwi\u0119conej iREX 2025 Astorino zosta\u0142 zaprezentowany jako nowy produkt w kategorii edukacyjnej, z nast\u0119puj\u0105cym opisem:<\/p>\n<p><strong>\u201e<\/strong><strong>\u6559\u80b2\u7528\u30ed\u30dc\u30c3\u30c8<\/strong><strong>Astorino<br \/>\n<\/strong><strong>\u5b66\u6821\u3084\u5927\u5b66\u3067\u306e\u6559\u80b2\u7528\u9014\u5411\u3051\u3068\u3057\u3066\u3001\u5b66\u751f\u304c\u81ea\u7531\u306b\u5b9f\u9a13\u30fb\u5931\u6557\u304b\u3089\u5b66\u3079\u308b\u3053\u3068\u3092\u76ee\u6307\u3057\u8a2d\u8a08\u3055\u308c\u305f\u30ed\u30dc\u30c3\u30c8<\/strong><strong>.\u201d<\/strong><\/p>\n<p>co oznacza:<\/p>\n<p><strong>\u201eEdukacyjny robot Astorino. Robot zaprojektowany z my\u015bl\u0105 o zastosowaniach edukacyjnych w szko\u0142ach i na uniwersytetach, tak aby studenci mogli swobodnie eksperymentowa\u0107 i uczy\u0107 si\u0119 na b\u0142\u0119dach.\u201d<\/strong><\/p>\n<p>Jest to jednoznaczne, oficjalne potwierdzenie pozycji Astorino jako rozwi\u0105zania edukacyjnego w globalnej ofercie Kawasaki.<\/p>\n<p><img loading=\"lazy\" decoding=\"async\" class=\"wp-image-7122 size-large aligncenter\" src=\"https:\/\/www.astor.com.pl\/centrum-prasowe\/wp-content\/uploads\/sites\/2\/2025\/12\/IMG-20251215-WA0010-768x1024.jpg\" alt=\"\" width=\"768\" height=\"1024\" srcset=\"https:\/\/www.astor.com.pl\/centrum-prasowe\/wp-content\/uploads\/sites\/2\/2025\/12\/IMG-20251215-WA0010-768x1024.jpg 768w, https:\/\/www.astor.com.pl\/centrum-prasowe\/wp-content\/uploads\/sites\/2\/2025\/12\/IMG-20251215-WA0010-225x300.jpg 225w, https:\/\/www.astor.com.pl\/centrum-prasowe\/wp-content\/uploads\/sites\/2\/2025\/12\/IMG-20251215-WA0010-1152x1536.jpg 1152w, https:\/\/www.astor.com.pl\/centrum-prasowe\/wp-content\/uploads\/sites\/2\/2025\/12\/IMG-20251215-WA0010-1536x2048.jpg 1536w, https:\/\/www.astor.com.pl\/centrum-prasowe\/wp-content\/uploads\/sites\/2\/2025\/12\/IMG-20251215-WA0010-scaled.jpg 1920w\" sizes=\"auto, (max-width: 768px) 100vw, 768px\" \/><\/p>\n<h2><strong>Astorino wersja C \u2013 premiera zaprojektowana specjalnie dla Japonii<\/strong><\/h2>\n<p>Podczas iREX 2025 prezentowana jest nowa ods\u0142ona robota \u2013 Astorino w wersji C, zaprojektowana specjalnie z my\u015bl\u0105 o rynku japo\u0144skim. Charakterystyczna bia\u0142a wersja robota to efekt ponad roku intensywnych prac konstrukcyjnych, test\u00f3w i dostosowa\u0144 do wysokich standard\u00f3w technologicznych Kawasaki \u2013 producenta robot\u00f3w z ponad 60-letnim do\u015bwiadczeniem. Dwie nowe jednostki wersji C zosta\u0142y przygotowane w Polsce, poddane testom i wys\u0142ane do Japonii, gdzie przesz\u0142y kolejne etapy walidacji. iREX 2025 jest ich oficjaln\u0105 premier\u0105 rynkow\u0105 w Japonii.<\/p>\n<p><img loading=\"lazy\" decoding=\"async\" class=\"wp-image-7120 size-large aligncenter\" src=\"https:\/\/www.astor.com.pl\/centrum-prasowe\/wp-content\/uploads\/sites\/2\/2025\/12\/mn_astorino-768x1024.jpg\" alt=\"\" width=\"768\" height=\"1024\" srcset=\"https:\/\/www.astor.com.pl\/centrum-prasowe\/wp-content\/uploads\/sites\/2\/2025\/12\/mn_astorino-768x1024.jpg 768w, https:\/\/www.astor.com.pl\/centrum-prasowe\/wp-content\/uploads\/sites\/2\/2025\/12\/mn_astorino-225x300.jpg 225w, https:\/\/www.astor.com.pl\/centrum-prasowe\/wp-content\/uploads\/sites\/2\/2025\/12\/mn_astorino-1152x1536.jpg 1152w, https:\/\/www.astor.com.pl\/centrum-prasowe\/wp-content\/uploads\/sites\/2\/2025\/12\/mn_astorino.jpg 1280w\" sizes=\"auto, (max-width: 768px) 100vw, 768px\" \/><\/p>\n<blockquote><p>Od samego pocz\u0105tku zale\u017ca\u0142o nam, aby Astorino \u2013 mimo swojej edukacyjnej dost\u0119pno\u015bci \u2013 dawa\u0142 prawdziwe, namacalne do\u015bwiadczenie pracy z robotyk\u0105 przemys\u0142ow\u0105. Dzisiejsza obecno\u015b\u0107 w Tokio to potwierdzenie, \u017ce ta droga ma globalny sens<\/p><\/blockquote>\n<p>&#8211; m\u00f3wi Marek Niewiadomski, in\u017cynier konstruktor i tw\u00f3rca robota Astorino.<\/p>\n<blockquote><p>To wyj\u0105tkowa sytuacja, gdy polski produkt ma swoj\u0105 premier\u0119 w\u0142a\u015bnie w Tokio, na najwi\u0119kszych targach robotycznych \u015bwiata. To pokazuje skal\u0119 zaufania, jakim zostali\u015bmy obdarzeni<\/p><\/blockquote>\n<p>\u2013 podkre\u015bla zesp\u00f3\u0142 ASTOR.<\/p>\n<h2><strong>Efekt kilkunastoletniego budowania relacji ASTOR &#8211; Kawasaki<\/strong><\/h2>\n<p>Obecno\u015b\u0107 Astorino na iREX nie jest jednorazowym projektem, lecz efektem kilkunastoletniego budowania relacji pomi\u0119dzy ASTOR a Kawasaki \u2013 relacji opartych na wsp\u00f3lnych warto\u015bciach, in\u017cynierskim podej\u015bciu do jako\u015bci i d\u0142ugofalowym rozwoju technologii.Podpisany podczas Expo 2025 w Osace list intencyjny by\u0142 formalnym potwierdzeniem tej drogi, natomiast iREX 2025 stanowi jej kolejny, naturalny i strategiczny etap \u2013 ju\u017c bezpo\u015brednio na scenie \u015bwiatowej robotyki.<\/p>\n<p><img loading=\"lazy\" decoding=\"async\" class=\"aligncenter wp-image-7119 size-large\" src=\"https:\/\/www.astor.com.pl\/centrum-prasowe\/wp-content\/uploads\/sites\/2\/2025\/12\/astorino-1024x1024.jpg\" alt=\"\" width=\"1024\" height=\"1024\" srcset=\"https:\/\/www.astor.com.pl\/centrum-prasowe\/wp-content\/uploads\/sites\/2\/2025\/12\/astorino-1024x1024.jpg 1024w, https:\/\/www.astor.com.pl\/centrum-prasowe\/wp-content\/uploads\/sites\/2\/2025\/12\/astorino-300x300.jpg 300w, https:\/\/www.astor.com.pl\/centrum-prasowe\/wp-content\/uploads\/sites\/2\/2025\/12\/astorino-150x150.jpg 150w, https:\/\/www.astor.com.pl\/centrum-prasowe\/wp-content\/uploads\/sites\/2\/2025\/12\/astorino-768x768.jpg 768w, https:\/\/www.astor.com.pl\/centrum-prasowe\/wp-content\/uploads\/sites\/2\/2025\/12\/astorino-125x125.jpg 125w, https:\/\/www.astor.com.pl\/centrum-prasowe\/wp-content\/uploads\/sites\/2\/2025\/12\/astorino-200x200.jpg 200w, https:\/\/www.astor.com.pl\/centrum-prasowe\/wp-content\/uploads\/sites\/2\/2025\/12\/astorino.jpg 1200w\" sizes=\"auto, (max-width: 1024px) 100vw, 1024px\" \/><\/p>\n<h2><strong>Japonia \u2013 \u015bwiatowy wz\u00f3r edukacji technicznej<\/strong><\/h2>\n<p>Japo\u0144ski system edukacji technicznej od lat uznawany jest za jeden z najbardziej wymagaj\u0105cych i praktycznych na \u015bwiecie. Kluczowy nacisk k\u0142adzie si\u0119 na nauk\u0119 przez dzia\u0142anie, projekty zespo\u0142owe i bezpo\u015bredni kontakt z rzeczywist\u0105 technologi\u0105 przemys\u0142ow\u0105 \u2013 od szk\u00f3\u0142 typu KOSEN, przez uczelnie techniczne, a\u017c po laboratoria badawcze.<\/p>\n<p>W tym kontek\u015bcie Astorino \u2013 robot zaprojektowany do nauki przez eksperymentowanie i pope\u0142nianie b\u0142\u0119d\u00f3w \u2013 idealnie wpisuje si\u0119 w japo\u0144sk\u0105 filozofi\u0119 kszta\u0142cenia in\u017cynier\u00f3w, \u0142\u0105cz\u0105c \u015bwiat edukacji z realnymi standardami przemys\u0142u.<\/p>\n<h2><strong>Kawasaki i edukacja \u2013 sp\u00f3jny fundament wsp\u00f3\u0142pracy<\/strong><\/h2>\n<p>Kawasaki od lat aktywnie inwestuje w edukacj\u0119 techniczn\u0105 w Japonii:<\/p>\n<ul>\n<li>wspiera konkursy robotyczne dla uczni\u00f3w i student\u00f3w,<\/li>\n<li>wsp\u00f3\u0142pracuje ze szko\u0142ami typu KOSEN oraz uczelniami technicznymi,<\/li>\n<li>prowadzi Robot School \u2013 oficjalne szkolenia z programowania i obs\u0142ugi robot\u00f3w przemys\u0142owych,<\/li>\n<li>realizuje programy dla m\u0142odzie\u017cy typu \u201eZosta\u0144 in\u017cynierem robot\u00f3w Kawasaki\u201d.<\/li>\n<\/ul>\n<p>W\u0142\u0105czenie robota Astorino do tej przestrzeni jest naturalnym rozszerzeniem tej filozofii \u2013 jako narz\u0119dzia, kt\u00f3re przygotowuje przysz\u0142ych in\u017cynier\u00f3w do pracy z realnymi robotami przemys\u0142owymi.<\/p>\n<blockquote><p>\u00a0Z perspektywy rynku wida\u0107 dzi\u015b ogromne zapotrzebowanie na edukacj\u0119 opart\u0105 na rzeczywistych standardach przemys\u0142owych. Astorino idealnie odpowiada na t\u0119 potrzeb\u0119, dlatego zainteresowanie nim wychodzi daleko poza Polsk\u0119 i Europ\u0119 \u2013<\/p><\/blockquote>\n<p>zaznacza Mateusz Czerwonka, odpowiedzialny za sprzeda\u017c robot\u00f3w w ASTOR w linii biznesowej Robotyzacja.<\/p>\n<h2><strong>IREXowe nowinki [1]: nowa mobilno\u015b\u0107 Kawasaki i CORLEO jako uciele\u015bnienie idei \u201eBuddy\u201d<\/strong><\/h2>\n<p>Tegoroczna ekspozycja Kawasaki na iREX 2025 to nie tylko roboty przemys\u0142owe i edukacyjne, ale r\u00f3wnie\u017c wizjonerskie projekty nowej mobilno\u015bci. Jedn\u0105 z najbardziej spektakularnych nowo\u015bci jest CORLEO \u2013 czterono\u017cny pojazd terenowy, b\u0119d\u0105cy nowym uciele\u015bnieniem filozofii \u201eFun to Ride\u201d. Nazwa CORLEO pochodzi od \u0142aci\u0144skiego okre\u015blenia &#8222;Cor Leonis&#8221; &#8211; czyli &#8222;Serce Lwa&#8221; &#8211; b\u0119d\u0105cego tak\u017ce alternatywn\u0105 nazw\u0105 gwiazdy Regulus (Alfa Gwiazdozbioru Lwa). Odnosi si\u0119 ona zar\u00f3wno do inspiracji sylwetk\u0105 i ruchem lwa, jak i do symboliki podr\u00f3\u017cy wyznaczanej przez gwiazdy &#8211; podkre\u015blaj\u0105c pierwotny, ludzki impuls do ruchu i odkrywania \u015bwiata.<\/p>\n<p><img loading=\"lazy\" decoding=\"async\" class=\"aligncenter wp-image-7125 size-large\" src=\"https:\/\/www.astor.com.pl\/centrum-prasowe\/wp-content\/uploads\/sites\/2\/2025\/12\/IMG-20251215-WA0014-768x1024.jpg\" alt=\"\" width=\"768\" height=\"1024\" srcset=\"https:\/\/www.astor.com.pl\/centrum-prasowe\/wp-content\/uploads\/sites\/2\/2025\/12\/IMG-20251215-WA0014-768x1024.jpg 768w, https:\/\/www.astor.com.pl\/centrum-prasowe\/wp-content\/uploads\/sites\/2\/2025\/12\/IMG-20251215-WA0014-225x300.jpg 225w, https:\/\/www.astor.com.pl\/centrum-prasowe\/wp-content\/uploads\/sites\/2\/2025\/12\/IMG-20251215-WA0014-1152x1536.jpg 1152w, https:\/\/www.astor.com.pl\/centrum-prasowe\/wp-content\/uploads\/sites\/2\/2025\/12\/IMG-20251215-WA0014-1536x2048.jpg 1536w, https:\/\/www.astor.com.pl\/centrum-prasowe\/wp-content\/uploads\/sites\/2\/2025\/12\/IMG-20251215-WA0014-scaled.jpg 1920w\" sizes=\"auto, (max-width: 768px) 100vw, 768px\" \/><\/p>\n<p>CORLEO ca\u0142kowicie rezygnuje z k\u00f3\u0142 na rzecz n\u00f3g, oferuj\u0105c zupe\u0142nie nowy poziom stabilno\u015bci i bezpiecze\u0144stwa w trudnym terenie. Pojazd sterowany jest balansem cia\u0142a u\u017cytkownika \u2013 bez klasycznej kierownicy i manetki gazu \u2013 \u0142\u0105cz\u0105c do\u015bwiadczenie motocykla z jazd\u0105 konn\u0105. Cho\u0107 jego wygl\u0105d przypomina robota, CORLEO nie jest autonomiczn\u0105 maszyn\u0105, lecz \u015brodkiem transportu.<\/p>\n<h2><strong>IREXowe nowinki [2]: KALEIDO \u2013 projekt, kt\u00f3ry redefiniuje relacj\u0119 cz\u0142owieka z technologi\u0105<\/strong><\/h2>\n<p data-start=\"1376\" data-end=\"1926\">Drug\u0105 nowo\u015bci\u0105 pokazan\u0105 w Tokio KALEIDO \u2013 humanoidalny robot opracowany przez Kawasaki Robotics, zaprojektowany z my\u015bl\u0105 o wsp\u00f3\u0142pracy z cz\u0142owiekiem w \u015brodowiskach przemys\u0142owych i badawczych. KALEIDO odzwierciedla wizj\u0119, w kt\u00f3rej roboty o ludzkiej postawie mog\u0105 wykonywa\u0107 zadania wymagaj\u0105ce zr\u0119czno\u015bci, mobilno\u015bci i adaptacji do przestrzeni zaprojektowanych pierwotnie dla ludzi. Jego obecno\u015b\u0107 na iREX by\u0142a wyra\u017anym sygna\u0142em, \u017ce Kawasaki konsekwentnie rozwija koncepcj\u0119 robot\u00f3w jako \u201eBuddy\u201d \u2013 partner\u00f3w cz\u0142owieka, a nie wy\u0142\u0105cznie autonomicznych maszyn.<img loading=\"lazy\" decoding=\"async\" class=\"wp-image-7124 size-large aligncenter\" src=\"https:\/\/www.astor.com.pl\/centrum-prasowe\/wp-content\/uploads\/sites\/2\/2025\/12\/IMG-20251215-WA0017-768x1024.jpg\" alt=\"\" width=\"768\" height=\"1024\" srcset=\"https:\/\/www.astor.com.pl\/centrum-prasowe\/wp-content\/uploads\/sites\/2\/2025\/12\/IMG-20251215-WA0017-768x1024.jpg 768w, https:\/\/www.astor.com.pl\/centrum-prasowe\/wp-content\/uploads\/sites\/2\/2025\/12\/IMG-20251215-WA0017-225x300.jpg 225w, https:\/\/www.astor.com.pl\/centrum-prasowe\/wp-content\/uploads\/sites\/2\/2025\/12\/IMG-20251215-WA0017-1152x1536.jpg 1152w, https:\/\/www.astor.com.pl\/centrum-prasowe\/wp-content\/uploads\/sites\/2\/2025\/12\/IMG-20251215-WA0017-1536x2048.jpg 1536w, https:\/\/www.astor.com.pl\/centrum-prasowe\/wp-content\/uploads\/sites\/2\/2025\/12\/IMG-20251215-WA0017-scaled.jpg 1920w\" sizes=\"auto, (max-width: 768px) 100vw, 768px\" \/><\/p>\n<p data-start=\"1928\" data-end=\"2252\">Zar\u00f3wno CORLEO, jak i KALEIDO doskonale wpisuj\u0105 si\u0119 w przewodnie has\u0142o stoiska Kawasaki <strong data-start=\"2016\" data-end=\"2041\">\u201eMeet Your New Buddy\u201d<\/strong>, pokazuj\u0105c r\u00f3\u017cne oblicza tej samej idei: technologia przysz\u0142o\u015bci ma by\u0107 intuicyjna, bezpieczna i bliska cz\u0142owiekowi \u2013 niezale\u017cnie od tego, czy wspiera go w pracy, edukacji, czy w nowym do\u015bwiadczeniu mobilno\u015bci.<\/p>\n<h2><strong>ASTOR CEE HUB i globalny wymiar wsp\u00f3\u0142pracy<\/strong><\/h2>\n<p>ASTOR pe\u0142ni rol\u0119 operatora Kawasaki Robotics CEE HUB, kt\u00f3ry odpowiada za rozw\u00f3j rynku Europy \u015arodkowo-Wschodniej. Na dzie\u0144 przed targami iREX, podczas Global Partner Meeting Kawasaki Robotics, firma ASTOR otrzyma\u0142a nagrod\u0119 za najwi\u0119kszy wzrost sprzeda\u017cy globalnie.<\/p>\n<p><img loading=\"lazy\" decoding=\"async\" class=\"aligncenter wp-image-7121 size-large\" src=\"https:\/\/www.astor.com.pl\/centrum-prasowe\/wp-content\/uploads\/sites\/2\/2025\/12\/IMG-20251215-WA0008-768x1024.jpg\" alt=\"\" width=\"768\" height=\"1024\" srcset=\"https:\/\/www.astor.com.pl\/centrum-prasowe\/wp-content\/uploads\/sites\/2\/2025\/12\/IMG-20251215-WA0008-768x1024.jpg 768w, https:\/\/www.astor.com.pl\/centrum-prasowe\/wp-content\/uploads\/sites\/2\/2025\/12\/IMG-20251215-WA0008-225x300.jpg 225w, https:\/\/www.astor.com.pl\/centrum-prasowe\/wp-content\/uploads\/sites\/2\/2025\/12\/IMG-20251215-WA0008-1152x1536.jpg 1152w, https:\/\/www.astor.com.pl\/centrum-prasowe\/wp-content\/uploads\/sites\/2\/2025\/12\/IMG-20251215-WA0008.jpg 1200w\" sizes=\"auto, (max-width: 768px) 100vw, 768px\" \/><\/p>\n<blockquote><p>Traktujemy to wyr\u00f3\u017cnienie jako potwierdzenie, \u017ce d\u0142ugofalowe \u0142\u0105czenie technologii z realnymi potrzebami ludzi i przemys\u0142u przynosi nie tylko wizj\u0119, ale i konkretne efekty biznesowe. To, co napawa nas szczeg\u00f3ln\u0105 dum\u0105 to fakt, \u017ce nagroda ta jest za drugi najwi\u0119kszy wzrost sprzeda\u017cy za ostatni rok. Na pierwszej pozycji uplasowa\u0142y si\u0119 Chiny, a na trzeciej Korea. To pokazuje nasz ogromny potencja\u0142 i sprawczo\u015b\u0107<\/p><\/blockquote>\n<p><img loading=\"lazy\" decoding=\"async\" class=\"wp-image-7126 size-large alignnone\" src=\"https:\/\/www.astor.com.pl\/centrum-prasowe\/wp-content\/uploads\/sites\/2\/2025\/12\/IMG-20251215-WA0011-1024x768.jpg\" alt=\"\" width=\"1024\" height=\"768\" srcset=\"https:\/\/www.astor.com.pl\/centrum-prasowe\/wp-content\/uploads\/sites\/2\/2025\/12\/IMG-20251215-WA0011-1024x768.jpg 1024w, https:\/\/www.astor.com.pl\/centrum-prasowe\/wp-content\/uploads\/sites\/2\/2025\/12\/IMG-20251215-WA0011-300x225.jpg 300w, https:\/\/www.astor.com.pl\/centrum-prasowe\/wp-content\/uploads\/sites\/2\/2025\/12\/IMG-20251215-WA0011-768x576.jpg 768w, https:\/\/www.astor.com.pl\/centrum-prasowe\/wp-content\/uploads\/sites\/2\/2025\/12\/IMG-20251215-WA0011-1536x1152.jpg 1536w, https:\/\/www.astor.com.pl\/centrum-prasowe\/wp-content\/uploads\/sites\/2\/2025\/12\/IMG-20251215-WA0011-2048x1536.jpg 2048w\" sizes=\"auto, (max-width: 1024px) 100vw, 1024px\" \/><\/p>\n<p>\u2013 podkre\u015bla Marcin Brydak, ASTOR CEE HUB i dodaje, \u017ce<\/p>\n<blockquote><p>\u00a0iREX to miejsce, w kt\u00f3rym wida\u0107 pe\u0142n\u0105 skal\u0119 globalnej transformacji robotyki \u2013 od fabryk, przez edukacj\u0119, a\u017c po now\u0105 mobilno\u015b\u0107. Jako ASTOR mamy wp\u0142yw na to, jak te technologie trafiaj\u0105 do regionu CEE .<\/p><\/blockquote>\n<h2><strong>Astorino \u2013 polska my\u015bl in\u017cynierska na globalnej scenie<\/strong><\/h2>\n<p>Astorino to 6-osiowy robot edukacyjny, umo\u017cliwiaj\u0105cy nauk\u0119 programowania w tym samym \u015brodowisku, co roboty przemys\u0142owe Kawasaki. Stanowi pomost pomi\u0119dzy edukacj\u0105 a prawdziw\u0105 automatyk\u0105 przemys\u0142ow\u0105.<\/p>\n<p>Prezentacja robota na iREX 2025:<\/p>\n<ul>\n<li>potwierdza jego gotowo\u015b\u0107 do wej\u015bcia na rynek japo\u0144ski,<\/li>\n<li>wzmacnia jego pozycj\u0119 jako rozwi\u0105zania o globalnym potencjale,<\/li>\n<li>stanowi kolejny krok w umi\u0119dzynarodowieniu polskiej my\u015bli in\u017cynierskiej.<\/li>\n<\/ul>\n<p>&nbsp;<\/p>\n<p>&nbsp;<\/p>\n","protected":false},"excerpt":{"rendered":"<p>Po prezentacji na Wystawie \u015awiatowej Expo 2025 w Osace, kolejnym, kolejnym strategicznym krokiem w mi\u0119dzynarodowym rozwoju robota edukacyjnego Astorino jest jego obecno\u015b\u0107 na International Robot Exhibition iREX 2025 w Tokio.<\/p>\n","protected":false},"author":5,"featured_media":7122,"comment_status":"closed","ping_status":"closed","sticky":false,"template":"","format":"standard","meta":{"_acf_changed":false,"footnotes":""},"categories":[2],"tags":[],"class_list":["post-7117","post","type-post","status-publish","format-standard","has-post-thumbnail","hentry","category-centrum-prasowe-centrum-prasowe"],"acf":[],"yoast_head":"<!-- This site is optimized with the Yoast SEO plugin v27.3 - https:\/\/yoast.com\/product\/yoast-seo-wordpress\/ -->\r\n<title>Premiera Astorino na iREX 2025 w Tokio. Polski robot edukacyjny w centrum \u015bwiatowej robotyki we wsp\u00f3\u0142pracy z Kawasaki Heavy Industries - Centrum Prasowe<\/title>\r\n<meta name=\"description\" content=\"Po prezentacji na Wystawie \u015awiatowej Expo 2025 w Osace, kolejnym, kolejnym strategicznym krokiem w mi\u0119dzynarodowym rozwoju robota edukacyjnego Astorino jest jego obecno\u015b\u0107 na International Robot Exhibition iREX 2025 w Tokio.\" \/>\r\n<meta name=\"robots\" content=\"index, follow, max-snippet:-1, max-image-preview:large, max-video-preview:-1\" \/>\r\n<link rel=\"canonical\" href=\"https:\/\/www.astor.com.pl\/centrum-prasowe\/premiera-astorino-na-irex-2025-w-tokio-polski-robot-edukacyjny-w-centrum-swiatowej-robotyki-we-wspolpracy-z-kawasaki-heavy-industries\/\" \/>\r\n<meta property=\"og:locale\" content=\"pl_PL\" \/>\r\n<meta property=\"og:type\" content=\"article\" \/>\r\n<meta property=\"og:title\" content=\"Premiera Astorino na iREX 2025 w Tokio. Polski robot edukacyjny w centrum \u015bwiatowej robotyki we wsp\u00f3\u0142pracy z Kawasaki Heavy Industries - Centrum Prasowe\" \/>\r\n<meta property=\"og:description\" content=\"Po prezentacji na Wystawie \u015awiatowej Expo 2025 w Osace, kolejnym, kolejnym strategicznym krokiem w mi\u0119dzynarodowym rozwoju robota edukacyjnego Astorino jest jego obecno\u015b\u0107 na International Robot Exhibition iREX 2025 w Tokio.\" \/>\r\n<meta property=\"og:url\" content=\"https:\/\/www.astor.com.pl\/centrum-prasowe\/premiera-astorino-na-irex-2025-w-tokio-polski-robot-edukacyjny-w-centrum-swiatowej-robotyki-we-wspolpracy-z-kawasaki-heavy-industries\/\" \/>\r\n<meta property=\"og:site_name\" content=\"Centrum Prasowe\" \/>\r\n<meta property=\"article:published_time\" content=\"2025-12-15T10:24:33+00:00\" \/>\r\n<meta property=\"article:modified_time\" content=\"2025-12-15T10:30:43+00:00\" \/>\r\n<meta property=\"og:image\" content=\"https:\/\/www.astor.com.pl\/centrum-prasowe\/wp-content\/uploads\/sites\/2\/2025\/12\/IMG-20251215-WA0010-scaled.jpg\" \/>\r\n\t<meta property=\"og:image:width\" content=\"1920\" \/>\r\n\t<meta property=\"og:image:height\" content=\"2560\" \/>\r\n\t<meta property=\"og:image:type\" content=\"image\/jpeg\" \/>\r\n<meta name=\"author\" content=\"Renata Poreda\" \/>\r\n<meta name=\"twitter:card\" content=\"summary_large_image\" \/>\r\n<meta name=\"twitter:label1\" content=\"Napisane przez\" \/>\n\t<meta name=\"twitter:data1\" content=\"Renata Poreda\" \/>\n\t<meta name=\"twitter:label2\" content=\"Szacowany czas czytania\" \/>\n\t<meta name=\"twitter:data2\" content=\"8 minut\" \/>\r\n<script type=\"application\/ld+json\" class=\"yoast-schema-graph\">{\"@context\":\"https:\\\/\\\/schema.org\",\"@graph\":[{\"@type\":\"Article\",\"@id\":\"https:\\\/\\\/www.astor.com.pl\\\/centrum-prasowe\\\/premiera-astorino-na-irex-2025-w-tokio-polski-robot-edukacyjny-w-centrum-swiatowej-robotyki-we-wspolpracy-z-kawasaki-heavy-industries\\\/#article\",\"isPartOf\":{\"@id\":\"https:\\\/\\\/www.astor.com.pl\\\/centrum-prasowe\\\/premiera-astorino-na-irex-2025-w-tokio-polski-robot-edukacyjny-w-centrum-swiatowej-robotyki-we-wspolpracy-z-kawasaki-heavy-industries\\\/\"},\"author\":{\"name\":\"Renata Poreda\",\"@id\":\"https:\\\/\\\/www.astor.com.pl\\\/centrum-prasowe\\\/#\\\/schema\\\/person\\\/613f2de52067bc2edd4bd7cb86d7211f\"},\"headline\":\"Premiera Astorino na iREX 2025 w Tokio. Polski robot edukacyjny w centrum \u015bwiatowej robotyki we wsp\u00f3\u0142pracy z Kawasaki Heavy Industries\",\"datePublished\":\"2025-12-15T10:24:33+00:00\",\"dateModified\":\"2025-12-15T10:30:43+00:00\",\"mainEntityOfPage\":{\"@id\":\"https:\\\/\\\/www.astor.com.pl\\\/centrum-prasowe\\\/premiera-astorino-na-irex-2025-w-tokio-polski-robot-edukacyjny-w-centrum-swiatowej-robotyki-we-wspolpracy-z-kawasaki-heavy-industries\\\/\"},\"wordCount\":1420,\"image\":{\"@id\":\"https:\\\/\\\/www.astor.com.pl\\\/centrum-prasowe\\\/premiera-astorino-na-irex-2025-w-tokio-polski-robot-edukacyjny-w-centrum-swiatowej-robotyki-we-wspolpracy-z-kawasaki-heavy-industries\\\/#primaryimage\"},\"thumbnailUrl\":\"https:\\\/\\\/www.astor.com.pl\\\/centrum-prasowe\\\/wp-content\\\/uploads\\\/sites\\\/2\\\/2025\\\/12\\\/IMG-20251215-WA0010-scaled.jpg\",\"articleSection\":[\"Centrum prasowe\"],\"inLanguage\":\"pl-PL\"},{\"@type\":\"WebPage\",\"@id\":\"https:\\\/\\\/www.astor.com.pl\\\/centrum-prasowe\\\/premiera-astorino-na-irex-2025-w-tokio-polski-robot-edukacyjny-w-centrum-swiatowej-robotyki-we-wspolpracy-z-kawasaki-heavy-industries\\\/\",\"url\":\"https:\\\/\\\/www.astor.com.pl\\\/centrum-prasowe\\\/premiera-astorino-na-irex-2025-w-tokio-polski-robot-edukacyjny-w-centrum-swiatowej-robotyki-we-wspolpracy-z-kawasaki-heavy-industries\\\/\",\"name\":\"Premiera Astorino na iREX 2025 w Tokio. Polski robot edukacyjny w centrum \u015bwiatowej robotyki we wsp\u00f3\u0142pracy z Kawasaki Heavy Industries - Centrum Prasowe\",\"isPartOf\":{\"@id\":\"https:\\\/\\\/www.astor.com.pl\\\/centrum-prasowe\\\/#website\"},\"primaryImageOfPage\":{\"@id\":\"https:\\\/\\\/www.astor.com.pl\\\/centrum-prasowe\\\/premiera-astorino-na-irex-2025-w-tokio-polski-robot-edukacyjny-w-centrum-swiatowej-robotyki-we-wspolpracy-z-kawasaki-heavy-industries\\\/#primaryimage\"},\"image\":{\"@id\":\"https:\\\/\\\/www.astor.com.pl\\\/centrum-prasowe\\\/premiera-astorino-na-irex-2025-w-tokio-polski-robot-edukacyjny-w-centrum-swiatowej-robotyki-we-wspolpracy-z-kawasaki-heavy-industries\\\/#primaryimage\"},\"thumbnailUrl\":\"https:\\\/\\\/www.astor.com.pl\\\/centrum-prasowe\\\/wp-content\\\/uploads\\\/sites\\\/2\\\/2025\\\/12\\\/IMG-20251215-WA0010-scaled.jpg\",\"datePublished\":\"2025-12-15T10:24:33+00:00\",\"dateModified\":\"2025-12-15T10:30:43+00:00\",\"author\":{\"@id\":\"https:\\\/\\\/www.astor.com.pl\\\/centrum-prasowe\\\/#\\\/schema\\\/person\\\/613f2de52067bc2edd4bd7cb86d7211f\"},\"description\":\"Po prezentacji na Wystawie \u015awiatowej Expo 2025 w Osace, kolejnym, kolejnym strategicznym krokiem w mi\u0119dzynarodowym rozwoju robota edukacyjnego Astorino jest jego obecno\u015b\u0107 na International Robot Exhibition iREX 2025 w Tokio.\",\"breadcrumb\":{\"@id\":\"https:\\\/\\\/www.astor.com.pl\\\/centrum-prasowe\\\/premiera-astorino-na-irex-2025-w-tokio-polski-robot-edukacyjny-w-centrum-swiatowej-robotyki-we-wspolpracy-z-kawasaki-heavy-industries\\\/#breadcrumb\"},\"inLanguage\":\"pl-PL\",\"potentialAction\":[{\"@type\":\"ReadAction\",\"target\":[\"https:\\\/\\\/www.astor.com.pl\\\/centrum-prasowe\\\/premiera-astorino-na-irex-2025-w-tokio-polski-robot-edukacyjny-w-centrum-swiatowej-robotyki-we-wspolpracy-z-kawasaki-heavy-industries\\\/\"]}]},{\"@type\":\"ImageObject\",\"inLanguage\":\"pl-PL\",\"@id\":\"https:\\\/\\\/www.astor.com.pl\\\/centrum-prasowe\\\/premiera-astorino-na-irex-2025-w-tokio-polski-robot-edukacyjny-w-centrum-swiatowej-robotyki-we-wspolpracy-z-kawasaki-heavy-industries\\\/#primaryimage\",\"url\":\"https:\\\/\\\/www.astor.com.pl\\\/centrum-prasowe\\\/wp-content\\\/uploads\\\/sites\\\/2\\\/2025\\\/12\\\/IMG-20251215-WA0010-scaled.jpg\",\"contentUrl\":\"https:\\\/\\\/www.astor.com.pl\\\/centrum-prasowe\\\/wp-content\\\/uploads\\\/sites\\\/2\\\/2025\\\/12\\\/IMG-20251215-WA0010-scaled.jpg\",\"width\":1920,\"height\":2560},{\"@type\":\"BreadcrumbList\",\"@id\":\"https:\\\/\\\/www.astor.com.pl\\\/centrum-prasowe\\\/premiera-astorino-na-irex-2025-w-tokio-polski-robot-edukacyjny-w-centrum-swiatowej-robotyki-we-wspolpracy-z-kawasaki-heavy-industries\\\/#breadcrumb\",\"itemListElement\":[{\"@type\":\"ListItem\",\"position\":1,\"name\":\"Centrum prasowe\",\"item\":\"https:\\\/\\\/www.astor.com.pl\\\/centrum-prasowe\\\/\"},{\"@type\":\"ListItem\",\"position\":2,\"name\":\"Premiera Astorino na iREX 2025 w Tokio. Polski robot edukacyjny w centrum \u015bwiatowej robotyki we wsp\u00f3\u0142pracy z Kawasaki Heavy Industries\"}]},{\"@type\":\"WebSite\",\"@id\":\"https:\\\/\\\/www.astor.com.pl\\\/centrum-prasowe\\\/#website\",\"url\":\"https:\\\/\\\/www.astor.com.pl\\\/centrum-prasowe\\\/\",\"name\":\"Centrum Prasowe\",\"description\":\"ASTOR\",\"potentialAction\":[{\"@type\":\"SearchAction\",\"target\":{\"@type\":\"EntryPoint\",\"urlTemplate\":\"https:\\\/\\\/www.astor.com.pl\\\/centrum-prasowe\\\/?s={search_term_string}\"},\"query-input\":{\"@type\":\"PropertyValueSpecification\",\"valueRequired\":true,\"valueName\":\"search_term_string\"}}],\"inLanguage\":\"pl-PL\"},{\"@type\":\"Person\",\"@id\":\"https:\\\/\\\/www.astor.com.pl\\\/centrum-prasowe\\\/#\\\/schema\\\/person\\\/613f2de52067bc2edd4bd7cb86d7211f\",\"name\":\"Renata Poreda\",\"image\":{\"@type\":\"ImageObject\",\"inLanguage\":\"pl-PL\",\"@id\":\"https:\\\/\\\/secure.gravatar.com\\\/avatar\\\/d87fa85a300356f3df672bec9cdcd0c582c432a7c2c7c547a0b20462acd44af6?s=96&d=mm&r=g\",\"url\":\"https:\\\/\\\/secure.gravatar.com\\\/avatar\\\/d87fa85a300356f3df672bec9cdcd0c582c432a7c2c7c547a0b20462acd44af6?s=96&d=mm&r=g\",\"contentUrl\":\"https:\\\/\\\/secure.gravatar.com\\\/avatar\\\/d87fa85a300356f3df672bec9cdcd0c582c432a7c2c7c547a0b20462acd44af6?s=96&d=mm&r=g\",\"caption\":\"Renata Poreda\"},\"url\":\"https:\\\/\\\/www.astor.com.pl\\\/centrum-prasowe\\\/author\\\/renatap\\\/\"}]}<\/script>\r\n<!-- \/ Yoast SEO plugin. -->","yoast_head_json":{"title":"Premiera Astorino na iREX 2025 w Tokio. Polski robot edukacyjny w centrum \u015bwiatowej robotyki we wsp\u00f3\u0142pracy z Kawasaki Heavy Industries - Centrum Prasowe","description":"Po prezentacji na Wystawie \u015awiatowej Expo 2025 w Osace, kolejnym, kolejnym strategicznym krokiem w mi\u0119dzynarodowym rozwoju robota edukacyjnego Astorino jest jego obecno\u015b\u0107 na International Robot Exhibition iREX 2025 w Tokio.","robots":{"index":"index","follow":"follow","max-snippet":"max-snippet:-1","max-image-preview":"max-image-preview:large","max-video-preview":"max-video-preview:-1"},"canonical":"https:\/\/www.astor.com.pl\/centrum-prasowe\/premiera-astorino-na-irex-2025-w-tokio-polski-robot-edukacyjny-w-centrum-swiatowej-robotyki-we-wspolpracy-z-kawasaki-heavy-industries\/","og_locale":"pl_PL","og_type":"article","og_title":"Premiera Astorino na iREX 2025 w Tokio. Polski robot edukacyjny w centrum \u015bwiatowej robotyki we wsp\u00f3\u0142pracy z Kawasaki Heavy Industries - Centrum Prasowe","og_description":"Po prezentacji na Wystawie \u015awiatowej Expo 2025 w Osace, kolejnym, kolejnym strategicznym krokiem w mi\u0119dzynarodowym rozwoju robota edukacyjnego Astorino jest jego obecno\u015b\u0107 na International Robot Exhibition iREX 2025 w Tokio.","og_url":"https:\/\/www.astor.com.pl\/centrum-prasowe\/premiera-astorino-na-irex-2025-w-tokio-polski-robot-edukacyjny-w-centrum-swiatowej-robotyki-we-wspolpracy-z-kawasaki-heavy-industries\/","og_site_name":"Centrum Prasowe","article_published_time":"2025-12-15T10:24:33+00:00","article_modified_time":"2025-12-15T10:30:43+00:00","og_image":[{"width":1920,"height":2560,"url":"https:\/\/www.astor.com.pl\/centrum-prasowe\/wp-content\/uploads\/sites\/2\/2025\/12\/IMG-20251215-WA0010-scaled.jpg","type":"image\/jpeg"}],"author":"Renata Poreda","twitter_card":"summary_large_image","twitter_misc":{"Napisane przez":"Renata Poreda","Szacowany czas czytania":"8 minut"},"schema":{"@context":"https:\/\/schema.org","@graph":[{"@type":"Article","@id":"https:\/\/www.astor.com.pl\/centrum-prasowe\/premiera-astorino-na-irex-2025-w-tokio-polski-robot-edukacyjny-w-centrum-swiatowej-robotyki-we-wspolpracy-z-kawasaki-heavy-industries\/#article","isPartOf":{"@id":"https:\/\/www.astor.com.pl\/centrum-prasowe\/premiera-astorino-na-irex-2025-w-tokio-polski-robot-edukacyjny-w-centrum-swiatowej-robotyki-we-wspolpracy-z-kawasaki-heavy-industries\/"},"author":{"name":"Renata Poreda","@id":"https:\/\/www.astor.com.pl\/centrum-prasowe\/#\/schema\/person\/613f2de52067bc2edd4bd7cb86d7211f"},"headline":"Premiera Astorino na iREX 2025 w Tokio. Polski robot edukacyjny w centrum \u015bwiatowej robotyki we wsp\u00f3\u0142pracy z Kawasaki Heavy Industries","datePublished":"2025-12-15T10:24:33+00:00","dateModified":"2025-12-15T10:30:43+00:00","mainEntityOfPage":{"@id":"https:\/\/www.astor.com.pl\/centrum-prasowe\/premiera-astorino-na-irex-2025-w-tokio-polski-robot-edukacyjny-w-centrum-swiatowej-robotyki-we-wspolpracy-z-kawasaki-heavy-industries\/"},"wordCount":1420,"image":{"@id":"https:\/\/www.astor.com.pl\/centrum-prasowe\/premiera-astorino-na-irex-2025-w-tokio-polski-robot-edukacyjny-w-centrum-swiatowej-robotyki-we-wspolpracy-z-kawasaki-heavy-industries\/#primaryimage"},"thumbnailUrl":"https:\/\/www.astor.com.pl\/centrum-prasowe\/wp-content\/uploads\/sites\/2\/2025\/12\/IMG-20251215-WA0010-scaled.jpg","articleSection":["Centrum prasowe"],"inLanguage":"pl-PL"},{"@type":"WebPage","@id":"https:\/\/www.astor.com.pl\/centrum-prasowe\/premiera-astorino-na-irex-2025-w-tokio-polski-robot-edukacyjny-w-centrum-swiatowej-robotyki-we-wspolpracy-z-kawasaki-heavy-industries\/","url":"https:\/\/www.astor.com.pl\/centrum-prasowe\/premiera-astorino-na-irex-2025-w-tokio-polski-robot-edukacyjny-w-centrum-swiatowej-robotyki-we-wspolpracy-z-kawasaki-heavy-industries\/","name":"Premiera Astorino na iREX 2025 w Tokio. Polski robot edukacyjny w centrum \u015bwiatowej robotyki we wsp\u00f3\u0142pracy z Kawasaki Heavy Industries - Centrum Prasowe","isPartOf":{"@id":"https:\/\/www.astor.com.pl\/centrum-prasowe\/#website"},"primaryImageOfPage":{"@id":"https:\/\/www.astor.com.pl\/centrum-prasowe\/premiera-astorino-na-irex-2025-w-tokio-polski-robot-edukacyjny-w-centrum-swiatowej-robotyki-we-wspolpracy-z-kawasaki-heavy-industries\/#primaryimage"},"image":{"@id":"https:\/\/www.astor.com.pl\/centrum-prasowe\/premiera-astorino-na-irex-2025-w-tokio-polski-robot-edukacyjny-w-centrum-swiatowej-robotyki-we-wspolpracy-z-kawasaki-heavy-industries\/#primaryimage"},"thumbnailUrl":"https:\/\/www.astor.com.pl\/centrum-prasowe\/wp-content\/uploads\/sites\/2\/2025\/12\/IMG-20251215-WA0010-scaled.jpg","datePublished":"2025-12-15T10:24:33+00:00","dateModified":"2025-12-15T10:30:43+00:00","author":{"@id":"https:\/\/www.astor.com.pl\/centrum-prasowe\/#\/schema\/person\/613f2de52067bc2edd4bd7cb86d7211f"},"description":"Po prezentacji na Wystawie \u015awiatowej Expo 2025 w Osace, kolejnym, kolejnym strategicznym krokiem w mi\u0119dzynarodowym rozwoju robota edukacyjnego Astorino jest jego obecno\u015b\u0107 na International Robot Exhibition iREX 2025 w Tokio.","breadcrumb":{"@id":"https:\/\/www.astor.com.pl\/centrum-prasowe\/premiera-astorino-na-irex-2025-w-tokio-polski-robot-edukacyjny-w-centrum-swiatowej-robotyki-we-wspolpracy-z-kawasaki-heavy-industries\/#breadcrumb"},"inLanguage":"pl-PL","potentialAction":[{"@type":"ReadAction","target":["https:\/\/www.astor.com.pl\/centrum-prasowe\/premiera-astorino-na-irex-2025-w-tokio-polski-robot-edukacyjny-w-centrum-swiatowej-robotyki-we-wspolpracy-z-kawasaki-heavy-industries\/"]}]},{"@type":"ImageObject","inLanguage":"pl-PL","@id":"https:\/\/www.astor.com.pl\/centrum-prasowe\/premiera-astorino-na-irex-2025-w-tokio-polski-robot-edukacyjny-w-centrum-swiatowej-robotyki-we-wspolpracy-z-kawasaki-heavy-industries\/#primaryimage","url":"https:\/\/www.astor.com.pl\/centrum-prasowe\/wp-content\/uploads\/sites\/2\/2025\/12\/IMG-20251215-WA0010-scaled.jpg","contentUrl":"https:\/\/www.astor.com.pl\/centrum-prasowe\/wp-content\/uploads\/sites\/2\/2025\/12\/IMG-20251215-WA0010-scaled.jpg","width":1920,"height":2560},{"@type":"BreadcrumbList","@id":"https:\/\/www.astor.com.pl\/centrum-prasowe\/premiera-astorino-na-irex-2025-w-tokio-polski-robot-edukacyjny-w-centrum-swiatowej-robotyki-we-wspolpracy-z-kawasaki-heavy-industries\/#breadcrumb","itemListElement":[{"@type":"ListItem","position":1,"name":"Centrum prasowe","item":"https:\/\/www.astor.com.pl\/centrum-prasowe\/"},{"@type":"ListItem","position":2,"name":"Premiera Astorino na iREX 2025 w Tokio. Polski robot edukacyjny w centrum \u015bwiatowej robotyki we wsp\u00f3\u0142pracy z Kawasaki Heavy Industries"}]},{"@type":"WebSite","@id":"https:\/\/www.astor.com.pl\/centrum-prasowe\/#website","url":"https:\/\/www.astor.com.pl\/centrum-prasowe\/","name":"Centrum Prasowe","description":"ASTOR","potentialAction":[{"@type":"SearchAction","target":{"@type":"EntryPoint","urlTemplate":"https:\/\/www.astor.com.pl\/centrum-prasowe\/?s={search_term_string}"},"query-input":{"@type":"PropertyValueSpecification","valueRequired":true,"valueName":"search_term_string"}}],"inLanguage":"pl-PL"},{"@type":"Person","@id":"https:\/\/www.astor.com.pl\/centrum-prasowe\/#\/schema\/person\/613f2de52067bc2edd4bd7cb86d7211f","name":"Renata Poreda","image":{"@type":"ImageObject","inLanguage":"pl-PL","@id":"https:\/\/secure.gravatar.com\/avatar\/d87fa85a300356f3df672bec9cdcd0c582c432a7c2c7c547a0b20462acd44af6?s=96&d=mm&r=g","url":"https:\/\/secure.gravatar.com\/avatar\/d87fa85a300356f3df672bec9cdcd0c582c432a7c2c7c547a0b20462acd44af6?s=96&d=mm&r=g","contentUrl":"https:\/\/secure.gravatar.com\/avatar\/d87fa85a300356f3df672bec9cdcd0c582c432a7c2c7c547a0b20462acd44af6?s=96&d=mm&r=g","caption":"Renata Poreda"},"url":"https:\/\/www.astor.com.pl\/centrum-prasowe\/author\/renatap\/"}]}},"_links":{"self":[{"href":"https:\/\/www.astor.com.pl\/centrum-prasowe\/wp-json\/wp\/v2\/posts\/7117","targetHints":{"allow":["GET"]}}],"collection":[{"href":"https:\/\/www.astor.com.pl\/centrum-prasowe\/wp-json\/wp\/v2\/posts"}],"about":[{"href":"https:\/\/www.astor.com.pl\/centrum-prasowe\/wp-json\/wp\/v2\/types\/post"}],"author":[{"embeddable":true,"href":"https:\/\/www.astor.com.pl\/centrum-prasowe\/wp-json\/wp\/v2\/users\/5"}],"replies":[{"embeddable":true,"href":"https:\/\/www.astor.com.pl\/centrum-prasowe\/wp-json\/wp\/v2\/comments?post=7117"}],"version-history":[{"count":3,"href":"https:\/\/www.astor.com.pl\/centrum-prasowe\/wp-json\/wp\/v2\/posts\/7117\/revisions"}],"predecessor-version":[{"id":7129,"href":"https:\/\/www.astor.com.pl\/centrum-prasowe\/wp-json\/wp\/v2\/posts\/7117\/revisions\/7129"}],"wp:featuredmedia":[{"embeddable":true,"href":"https:\/\/www.astor.com.pl\/centrum-prasowe\/wp-json\/wp\/v2\/media\/7122"}],"wp:attachment":[{"href":"https:\/\/www.astor.com.pl\/centrum-prasowe\/wp-json\/wp\/v2\/media?parent=7117"}],"wp:term":[{"taxonomy":"category","embeddable":true,"href":"https:\/\/www.astor.com.pl\/centrum-prasowe\/wp-json\/wp\/v2\/categories?post=7117"},{"taxonomy":"post_tag","embeddable":true,"href":"https:\/\/www.astor.com.pl\/centrum-prasowe\/wp-json\/wp\/v2\/tags?post=7117"}],"curies":[{"name":"wp","href":"https:\/\/api.w.org\/{rel}","templated":true}]}}