{"id":8830,"date":"2024-12-20T11:16:07","date_gmt":"2024-12-20T10:16:07","guid":{"rendered":"https:\/\/www.astor.com.pl\/biznes-i-produkcja\/?p=8830"},"modified":"2025-02-20T12:50:08","modified_gmt":"2025-02-20T11:50:08","slug":"15_techimpact-i-fmcg-przyszlosci-cyfryzacja-czy-stagnacja-biznes-i-produkcja-podcast","status":"publish","type":"post","link":"https:\/\/www.astor.com.pl\/biznes-i-produkcja\/15_techimpact-i-fmcg-przyszlosci-cyfryzacja-czy-stagnacja-biznes-i-produkcja-podcast\/","title":{"rendered":"#15_TechImpact i FMCG Przysz\u0142o\u015bci. Cyfryzacja czy stagnacja? | Biznes i Produkcja Podcast"},"content":{"rendered":"\n<p>Wsp\u00f3lnie z Akademi\u0105 Leona Ko\u017ami\u0144skiego uda\u0142o si\u0119 stworzy\u0107 <a href=\"https:\/\/www.astor.com.pl\/techimpact.html\">unikatowe badanie<\/a>, kt\u00f3re mierzy, w jaki spos\u00f3b technologie wp\u0142ywaj\u0105 na wyniki finansowe firm. To szczeg\u00f3lnie istotne dla sektora FMCG, kt\u00f3ry stoi przed wyzwaniem cyfrowej rewolucji, ale tak\u017ce przed wielkimi szansami.<\/p>\n\n\n\n<p>\u201eFirmy, kt\u00f3re dzi\u015b inwestuj\u0105 w robotyzacj\u0119 i cyfryzacj\u0119, wyznaczaj\u0105 standardy przysz\u0142o\u015bci \u2013 nie tylko na \u015bwiecie, ale i w Polsce.\u201d<\/p>\n\n\n\n<div class=\"wp-block-columns is-layout-flex wp-container-core-columns-is-layout-9d6595d7 wp-block-columns-is-layout-flex\">\n<div class=\"wp-block-column is-layout-flow wp-block-column-is-layout-flow\">\n<figure class=\"wp-block-image size-full is-resized\"><a href=\"https:\/\/open.spotify.com\/episode\/4tEB2tEkF4nPcoYDW2Yf3c?si=dd20b63eed284a60\"><img loading=\"lazy\" decoding=\"async\" width=\"200\" height=\"62\" src=\"https:\/\/www.astor.com.pl\/biznes-i-produkcja\/wp-content\/uploads\/2023\/04\/spotify.png\" alt=\"\" class=\"wp-image-6744\" style=\"width:274px;height:auto\"\/><\/a><\/figure>\n\n\n\n<p class=\"has-text-align-center\"><a href=\"https:\/\/open.spotify.com\/episode\/4tEB2tEkF4nPcoYDW2Yf3c?si=7e5ed0826b6a4c03\">Pos\u0142uchaj<\/a>!<\/p>\n<\/div>\n\n\n\n<div class=\"wp-block-column is-layout-flow wp-block-column-is-layout-flow\">\n<figure class=\"wp-block-image size-full is-resized\"><a href=\"https:\/\/youtu.be\/JVwoWx0chPo\"><img loading=\"lazy\" decoding=\"async\" width=\"200\" height=\"62\" src=\"https:\/\/www.astor.com.pl\/biznes-i-produkcja\/wp-content\/uploads\/2023\/04\/youtub.png\" alt=\"\" class=\"wp-image-6745\" style=\"width:274px;height:auto\"\/><\/a><\/figure>\n\n\n\n<p class=\"has-text-align-center\"><a href=\"https:\/\/youtu.be\/JVwoWx0chPo\">Pos\u0142uchaj<\/a>!<\/p>\n<\/div>\n\n\n\n<div class=\"wp-block-column is-layout-flow wp-block-column-is-layout-flow\">\n<figure class=\"wp-block-image size-full is-resized\"><a href=\"https:\/\/podcasts.apple.com\/pl\/podcast\/15-jaros%C5%82aw-gracel-raport-techimpact-i-fmcg-przysz%C5%82o%C5%9Bci\/id1622766752?i=1000681017047&amp;l=pl\"><img loading=\"lazy\" decoding=\"async\" width=\"200\" height=\"62\" src=\"https:\/\/www.astor.com.pl\/biznes-i-produkcja\/wp-content\/uploads\/2023\/04\/Group-135-1.png\" alt=\"\" class=\"wp-image-6743\" style=\"width:274px;height:auto\"\/><\/a><\/figure>\n\n\n\n<p class=\"has-text-align-center\"><a href=\"https:\/\/podcasts.apple.com\/pl\/podcast\/15-jaros%C5%82aw-gracel-raport-techimpact-i-fmcg-przysz%C5%82o%C5%9Bci\/id1622766752?i=1000681017047&amp;l=pl\">Pos\u0142uchaj<\/a>!<\/p>\n<\/div>\n<\/div>\n\n\n\n<p>Z rozmowy dowiesz si\u0119:<\/p>\n\n\n\n<ul class=\"wp-block-list\">\n<li>jak wygl\u0105da proces implementowania przemys\u0142u 4.0 i dlaczego kluczowe s\u0105 ma\u0142e kroki na start?<\/li>\n\n\n\n<li>dlaczego tylko 5% \u015brednich i du\u017cych fabryk w Polsce w pe\u0142ni zrealizowa\u0142o za\u0142o\u017cenia przemys\u0142u 4.0 \u2013 i jak zmotywowa\u0107 kolejne 95%.<\/li>\n\n\n\n<li>jak korelacja mi\u0119dzy zaawansowaniem technologicznym a wynikami finansowymi mo\u017ce przekona\u0107 sceptyk\u00f3w do inwestowania w nowe technologie.<\/li>\n<\/ul>\n\n\n\n<p>Jaros\u0142aw opowiada tak\u017ce o unikalnej metodologii raportu:<\/p>\n\n\n\n<p><a href=\"https:\/\/www.astor.com.pl\/techimpact.html\">\u201eRaport \u2018Tech Impact<\/a>\u2019 to nie tylko statystyki. To konkretne wska\u017aniki i dowody na to, \u017ce cyfrowa transformacja si\u0119 op\u0142aca \u2013 od rentowno\u015bci, przez produktywno\u015b\u0107, a\u017c po konkurencyjno\u015b\u0107 na rynku.\u201d<\/p>\n\n\n\n<p>\u201eWyobra\u017amy sobie rewolucj\u0119 w bran\u017cy FMCG \u2013 fabryki analizuj\u0105ce zyskowno\u015b\u0107 ka\u017cdej zmiany produkcyjnej w czasie rzeczywistym. To przemys\u0142 przysz\u0142o\u015bci, kt\u00f3ry staje si\u0119 rzeczywisto\u015bci\u0105.\u201d<\/p>\n\n\n\n<p><br>Rozmawiamy tak\u017ce o tym, jak wsp\u00f3\u0142praca z Akademi\u0105 Leona Ko\u017ami\u0144skiego pomog\u0142a w stworzeniu narz\u0119dzia, kt\u00f3re mo\u017ce by\u0107 map\u0105 drogow\u0105 dla firm chc\u0105cych odnale\u017a\u0107 si\u0119 w dynamicznie zmieniaj\u0105cej si\u0119 rzeczywisto\u015bci.<\/p>\n\n\n\n<p><strong>Go\u015b\u0107:<\/strong><br>Jaros\u0142aw Gracel, prezes ASTOR \u2013 ekspert przemys\u0142u 4.0, ewangelista nowych technologii, od ponad 18 lat wspieraj\u0105cy firmy w ich transformacji technologicznej. Wsp\u00f3\u0142autor raportu \u201eTechImpact\u201d, kt\u00f3ry jest odpowiedzi\u0105 na pytania przedsi\u0119biorc\u00f3w o to, jak skutecznie wprowadza\u0107 zmiany i jakie korzy\u015bci przynosi cyfryzacja i robotyzacja.<\/p>\n\n\n\n<div id=\"buzzsprout-player-16310737\"><\/div><script src=\"https:\/\/www.buzzsprout.com\/1981606\/episodes\/16310737-15_jaroslaw-gracel-raport-techimpact-i-fmcg-przyszlosci-cyfryzacja-czy-stagnacja.js?container_id=buzzsprout-player-16310737&#038;player=small\" type=\"text\/javascript\" charset=\"utf-8\"><\/script>\n","protected":false},"excerpt":{"rendered":"<p><strong>Droga do transformacji technologicznej nie musi by\u0107 wyboista, a raport \u201eTechImpact\u201d pokazuje, jak obra\u0107 w\u0142a\u015bciwy kierunek.<\/strong><\/p>\n","protected":false},"author":17,"featured_media":8898,"comment_status":"closed","ping_status":"closed","sticky":false,"template":"","format":"standard","meta":{"_acf_changed":false,"inline_featured_image":false,"footnotes":""},"categories":[493,525],"tags":[303],"class_list":["post-8830","post","type-post","status-publish","format-standard","has-post-thumbnail","hentry","category-podcast","category-tresci","tag-fabryka-przyszlosci"],"acf":[],"yoast_head":"<!-- This site is optimized with the Yoast SEO plugin v27.3 - https:\/\/yoast.com\/product\/yoast-seo-wordpress\/ -->\r\n<title>#15_TechImpact i FMCG Przysz\u0142o\u015bci. Cyfryzacja czy stagnacja? | Biznes i Produkcja Podcast | Biznes i Produkcja<\/title>\r\n<meta name=\"robots\" content=\"index, follow, max-snippet:-1, max-image-preview:large, max-video-preview:-1\" \/>\r\n<link rel=\"canonical\" href=\"https:\/\/www.astor.com.pl\/biznes-i-produkcja\/15_techimpact-i-fmcg-przyszlosci-cyfryzacja-czy-stagnacja-biznes-i-produkcja-podcast\/\" \/>\r\n<meta property=\"og:locale\" content=\"pl_PL\" \/>\r\n<meta property=\"og:type\" content=\"article\" \/>\r\n<meta property=\"og:title\" content=\"#15_TechImpact i FMCG Przysz\u0142o\u015bci. Cyfryzacja czy stagnacja? | Biznes i Produkcja Podcast | Biznes i Produkcja\" \/>\r\n<meta property=\"og:description\" content=\"Droga do transformacji technologicznej nie musi by\u0107 wyboista, a raport \u201eTechImpact\u201d pokazuje, jak obra\u0107 w\u0142a\u015bciwy kierunek.\" \/>\r\n<meta property=\"og:url\" content=\"https:\/\/www.astor.com.pl\/biznes-i-produkcja\/15_techimpact-i-fmcg-przyszlosci-cyfryzacja-czy-stagnacja-biznes-i-produkcja-podcast\/\" \/>\r\n<meta property=\"og:site_name\" content=\"Biznes i Produkcja\" \/>\r\n<meta property=\"article:publisher\" content=\"https:\/\/www.facebook.com\/ASTOR.automatyzacja\" \/>\r\n<meta property=\"article:published_time\" content=\"2024-12-20T10:16:07+00:00\" \/>\r\n<meta property=\"article:modified_time\" content=\"2025-02-20T11:50:08+00:00\" \/>\r\n<meta property=\"og:image\" content=\"https:\/\/www.astor.com.pl\/biznes-i-produkcja\/wp-content\/uploads\/2025\/01\/Jarek_soundwave-min.png\" \/>\r\n\t<meta property=\"og:image:width\" content=\"1200\" \/>\r\n\t<meta property=\"og:image:height\" content=\"675\" \/>\r\n\t<meta property=\"og:image:type\" content=\"image\/png\" \/>\r\n<meta name=\"author\" content=\"Renata Poreda\" \/>\r\n<meta name=\"twitter:card\" content=\"summary_large_image\" \/>\r\n<meta name=\"twitter:label1\" content=\"Napisane przez\" \/>\n\t<meta name=\"twitter:data1\" content=\"Renata Poreda\" \/>\n\t<meta name=\"twitter:label2\" content=\"Szacowany czas czytania\" \/>\n\t<meta name=\"twitter:data2\" content=\"3 minuty\" \/>\r\n<script type=\"application\/ld+json\" class=\"yoast-schema-graph\">{\"@context\":\"https:\\\/\\\/schema.org\",\"@graph\":[{\"@type\":\"Article\",\"@id\":\"https:\\\/\\\/www.astor.com.pl\\\/biznes-i-produkcja\\\/15_techimpact-i-fmcg-przyszlosci-cyfryzacja-czy-stagnacja-biznes-i-produkcja-podcast\\\/#article\",\"isPartOf\":{\"@id\":\"https:\\\/\\\/www.astor.com.pl\\\/biznes-i-produkcja\\\/15_techimpact-i-fmcg-przyszlosci-cyfryzacja-czy-stagnacja-biznes-i-produkcja-podcast\\\/\"},\"author\":{\"name\":\"Renata Poreda\",\"@id\":\"https:\\\/\\\/www.astor.com.pl\\\/biznes-i-produkcja\\\/#\\\/schema\\\/person\\\/8459674e8e54c444aca44f32884dd063\"},\"headline\":\"#15_TechImpact i FMCG Przysz\u0142o\u015bci. Cyfryzacja czy stagnacja? | Biznes i Produkcja Podcast\",\"datePublished\":\"2024-12-20T10:16:07+00:00\",\"dateModified\":\"2025-02-20T11:50:08+00:00\",\"mainEntityOfPage\":{\"@id\":\"https:\\\/\\\/www.astor.com.pl\\\/biznes-i-produkcja\\\/15_techimpact-i-fmcg-przyszlosci-cyfryzacja-czy-stagnacja-biznes-i-produkcja-podcast\\\/\"},\"wordCount\":310,\"publisher\":{\"@id\":\"https:\\\/\\\/www.astor.com.pl\\\/biznes-i-produkcja\\\/#organization\"},\"image\":{\"@id\":\"https:\\\/\\\/www.astor.com.pl\\\/biznes-i-produkcja\\\/15_techimpact-i-fmcg-przyszlosci-cyfryzacja-czy-stagnacja-biznes-i-produkcja-podcast\\\/#primaryimage\"},\"thumbnailUrl\":\"https:\\\/\\\/www.astor.com.pl\\\/biznes-i-produkcja\\\/wp-content\\\/uploads\\\/2025\\\/01\\\/Jarek_soundwave-min.png\",\"keywords\":[\"Fabryka przysz\u0142o\u015bci\"],\"articleSection\":[\"Podcast\",\"Tre\u015bci\"],\"inLanguage\":\"pl-PL\"},{\"@type\":\"WebPage\",\"@id\":\"https:\\\/\\\/www.astor.com.pl\\\/biznes-i-produkcja\\\/15_techimpact-i-fmcg-przyszlosci-cyfryzacja-czy-stagnacja-biznes-i-produkcja-podcast\\\/\",\"url\":\"https:\\\/\\\/www.astor.com.pl\\\/biznes-i-produkcja\\\/15_techimpact-i-fmcg-przyszlosci-cyfryzacja-czy-stagnacja-biznes-i-produkcja-podcast\\\/\",\"name\":\"#15_TechImpact i FMCG Przysz\u0142o\u015bci. Cyfryzacja czy stagnacja? | Biznes i Produkcja Podcast | Biznes i Produkcja\",\"isPartOf\":{\"@id\":\"https:\\\/\\\/www.astor.com.pl\\\/biznes-i-produkcja\\\/#website\"},\"primaryImageOfPage\":{\"@id\":\"https:\\\/\\\/www.astor.com.pl\\\/biznes-i-produkcja\\\/15_techimpact-i-fmcg-przyszlosci-cyfryzacja-czy-stagnacja-biznes-i-produkcja-podcast\\\/#primaryimage\"},\"image\":{\"@id\":\"https:\\\/\\\/www.astor.com.pl\\\/biznes-i-produkcja\\\/15_techimpact-i-fmcg-przyszlosci-cyfryzacja-czy-stagnacja-biznes-i-produkcja-podcast\\\/#primaryimage\"},\"thumbnailUrl\":\"https:\\\/\\\/www.astor.com.pl\\\/biznes-i-produkcja\\\/wp-content\\\/uploads\\\/2025\\\/01\\\/Jarek_soundwave-min.png\",\"datePublished\":\"2024-12-20T10:16:07+00:00\",\"dateModified\":\"2025-02-20T11:50:08+00:00\",\"breadcrumb\":{\"@id\":\"https:\\\/\\\/www.astor.com.pl\\\/biznes-i-produkcja\\\/15_techimpact-i-fmcg-przyszlosci-cyfryzacja-czy-stagnacja-biznes-i-produkcja-podcast\\\/#breadcrumb\"},\"inLanguage\":\"pl-PL\",\"potentialAction\":[{\"@type\":\"ReadAction\",\"target\":[\"https:\\\/\\\/www.astor.com.pl\\\/biznes-i-produkcja\\\/15_techimpact-i-fmcg-przyszlosci-cyfryzacja-czy-stagnacja-biznes-i-produkcja-podcast\\\/\"]}]},{\"@type\":\"ImageObject\",\"inLanguage\":\"pl-PL\",\"@id\":\"https:\\\/\\\/www.astor.com.pl\\\/biznes-i-produkcja\\\/15_techimpact-i-fmcg-przyszlosci-cyfryzacja-czy-stagnacja-biznes-i-produkcja-podcast\\\/#primaryimage\",\"url\":\"https:\\\/\\\/www.astor.com.pl\\\/biznes-i-produkcja\\\/wp-content\\\/uploads\\\/2025\\\/01\\\/Jarek_soundwave-min.png\",\"contentUrl\":\"https:\\\/\\\/www.astor.com.pl\\\/biznes-i-produkcja\\\/wp-content\\\/uploads\\\/2025\\\/01\\\/Jarek_soundwave-min.png\",\"width\":1200,\"height\":675},{\"@type\":\"BreadcrumbList\",\"@id\":\"https:\\\/\\\/www.astor.com.pl\\\/biznes-i-produkcja\\\/15_techimpact-i-fmcg-przyszlosci-cyfryzacja-czy-stagnacja-biznes-i-produkcja-podcast\\\/#breadcrumb\",\"itemListElement\":[{\"@type\":\"ListItem\",\"position\":1,\"name\":\"Podcast\",\"item\":\"https:\\\/\\\/www.astor.com.pl\\\/biznes-i-produkcja\\\/kategoria\\\/podcast\\\/\"},{\"@type\":\"ListItem\",\"position\":2,\"name\":\"#15_TechImpact i FMCG Przysz\u0142o\u015bci. Cyfryzacja czy stagnacja? | Biznes i Produkcja Podcast\"}]},{\"@type\":\"WebSite\",\"@id\":\"https:\\\/\\\/www.astor.com.pl\\\/biznes-i-produkcja\\\/#website\",\"url\":\"https:\\\/\\\/www.astor.com.pl\\\/biznes-i-produkcja\\\/\",\"name\":\"Biznes i Produkcja\",\"description\":\"Praktyczne aspekty transformacji do przemys\u0142u przysz\u0142o\u015bci\",\"publisher\":{\"@id\":\"https:\\\/\\\/www.astor.com.pl\\\/biznes-i-produkcja\\\/#organization\"},\"potentialAction\":[{\"@type\":\"SearchAction\",\"target\":{\"@type\":\"EntryPoint\",\"urlTemplate\":\"https:\\\/\\\/www.astor.com.pl\\\/biznes-i-produkcja\\\/?s={search_term_string}\"},\"query-input\":{\"@type\":\"PropertyValueSpecification\",\"valueRequired\":true,\"valueName\":\"search_term_string\"}}],\"inLanguage\":\"pl-PL\"},{\"@type\":\"Organization\",\"@id\":\"https:\\\/\\\/www.astor.com.pl\\\/biznes-i-produkcja\\\/#organization\",\"name\":\"ASTOR | gdzie technologia spotyka cz\u0142owieka\",\"alternateName\":\"ASTOR\",\"url\":\"https:\\\/\\\/www.astor.com.pl\\\/biznes-i-produkcja\\\/\",\"logo\":{\"@type\":\"ImageObject\",\"inLanguage\":\"pl-PL\",\"@id\":\"https:\\\/\\\/www.astor.com.pl\\\/biznes-i-produkcja\\\/#\\\/schema\\\/logo\\\/image\\\/\",\"url\":\"https:\\\/\\\/www.astor.com.pl\\\/biznes-i-produkcja\\\/wp-content\\\/uploads\\\/2017\\\/06\\\/ASTOR_logo.jpg\",\"contentUrl\":\"https:\\\/\\\/www.astor.com.pl\\\/biznes-i-produkcja\\\/wp-content\\\/uploads\\\/2017\\\/06\\\/ASTOR_logo.jpg\",\"width\":185,\"height\":60,\"caption\":\"ASTOR | gdzie technologia spotyka cz\u0142owieka\"},\"image\":{\"@id\":\"https:\\\/\\\/www.astor.com.pl\\\/biznes-i-produkcja\\\/#\\\/schema\\\/logo\\\/image\\\/\"},\"sameAs\":[\"https:\\\/\\\/www.facebook.com\\\/ASTOR.automatyzacja\"]},{\"@type\":\"Person\",\"@id\":\"https:\\\/\\\/www.astor.com.pl\\\/biznes-i-produkcja\\\/#\\\/schema\\\/person\\\/8459674e8e54c444aca44f32884dd063\",\"name\":\"Renata Poreda\",\"image\":{\"@type\":\"ImageObject\",\"inLanguage\":\"pl-PL\",\"@id\":\"https:\\\/\\\/www.astor.com.pl\\\/biznes-i-produkcja\\\/wp-content\\\/uploads\\\/2023\\\/06\\\/cropped-RP2-96x96.png\",\"url\":\"https:\\\/\\\/www.astor.com.pl\\\/biznes-i-produkcja\\\/wp-content\\\/uploads\\\/2023\\\/06\\\/cropped-RP2-96x96.png\",\"contentUrl\":\"https:\\\/\\\/www.astor.com.pl\\\/biznes-i-produkcja\\\/wp-content\\\/uploads\\\/2023\\\/06\\\/cropped-RP2-96x96.png\",\"caption\":\"Renata Poreda\"},\"description\":\"Doradczyni w zakresie PR i wizerunku z ponad 20 letnim do\u015bwiadczeniem. Od ponad 12 lat zwi\u0105zana z bran\u017c\u0105 przemys\u0142ow\u0105 i nowoczesnych technologii. Obecnie \u0142\u0105czy funkcj\u0119 rzeczniczki prasowej FAIRP oraz ASTOR, kt\u00f3ry jest jednym z cz\u0142onk\u00f3w za\u0142o\u017cycieli Zwi\u0105zku Pracodawc\u00f3w Forum Automatyki i Robotyki Polskiej. Wspiera dzia\u0142ania CSR, sponsoringowe oraz wsp\u00f3\u0142tworzy koncepty kreatywne kampanii komunikacyjnych. Redaktor naczelna pisma Biznes i Produkcja w latach 2018-2024. Autorka podcastu o tej samej nazwie. Od 2024 nale\u017cy do Rady Programowej Studi\u00f3w Podyplomowych Public Relations i Brand Management w Instytucie Ekonomii, Finans\u00f3w i Zarz\u0105dzania UJ, wyk\u0142adowczyni UJ. W PSPR, po kilkuletniej przerwie, od 2019 roku. Od 2024 nale\u017cy do Rady Programowej Studi\u00f3w Podyplomowych Public Relations i Brand Management w Instytucie Ekonomii, Finans\u00f3w i Zarz\u0105dzania UJ, kt\u00f3rych PSPR jest partnerem. Wyk\u0142adowczyni UJ. Cz\u0142onkini Sektorowej Rady ds. Kompetencji Sektora Komunikacji Marketingowej kadencji 2025-2029 dzia\u0142aj\u0105cej przy Ministerstwie Funduszy i Polityki Regionalnej. Absolwentka podyplomowych studi\u00f3w w zakresie Public Relations (UJ) oraz Marketingu w sieci (WSE im. ks. J. Tischnera). Uko\u0144czy\u0142a r\u00f3wnie\u017c presti\u017cowy program brytyjskiego instytutu \u201eThe Chartered Institute of Marketing, prowadzony w Polsce przez Questus \u2013 akredytowane centrum egzaminacyjne. Zwolenniczka empatycznej komunikacji, pasjonatka g\u00f3r, biegania i motoryzacji.\",\"sameAs\":[\"https:\\\/\\\/www.linkedin.com\\\/feed\\\/\"],\"url\":\"https:\\\/\\\/www.astor.com.pl\\\/biznes-i-produkcja\\\/author\\\/renatap\\\/\"}]}<\/script>\r\n<!-- \/ Yoast SEO plugin. -->","yoast_head_json":{"title":"#15_TechImpact i FMCG Przysz\u0142o\u015bci. Cyfryzacja czy stagnacja? | Biznes i Produkcja Podcast | Biznes i Produkcja","robots":{"index":"index","follow":"follow","max-snippet":"max-snippet:-1","max-image-preview":"max-image-preview:large","max-video-preview":"max-video-preview:-1"},"canonical":"https:\/\/www.astor.com.pl\/biznes-i-produkcja\/15_techimpact-i-fmcg-przyszlosci-cyfryzacja-czy-stagnacja-biznes-i-produkcja-podcast\/","og_locale":"pl_PL","og_type":"article","og_title":"#15_TechImpact i FMCG Przysz\u0142o\u015bci. Cyfryzacja czy stagnacja? | Biznes i Produkcja Podcast | Biznes i Produkcja","og_description":"Droga do transformacji technologicznej nie musi by\u0107 wyboista, a raport \u201eTechImpact\u201d pokazuje, jak obra\u0107 w\u0142a\u015bciwy kierunek.","og_url":"https:\/\/www.astor.com.pl\/biznes-i-produkcja\/15_techimpact-i-fmcg-przyszlosci-cyfryzacja-czy-stagnacja-biznes-i-produkcja-podcast\/","og_site_name":"Biznes i Produkcja","article_publisher":"https:\/\/www.facebook.com\/ASTOR.automatyzacja","article_published_time":"2024-12-20T10:16:07+00:00","article_modified_time":"2025-02-20T11:50:08+00:00","og_image":[{"width":1200,"height":675,"url":"https:\/\/www.astor.com.pl\/biznes-i-produkcja\/wp-content\/uploads\/2025\/01\/Jarek_soundwave-min.png","type":"image\/png"}],"author":"Renata Poreda","twitter_card":"summary_large_image","twitter_misc":{"Napisane przez":"Renata Poreda","Szacowany czas czytania":"3 minuty"},"schema":{"@context":"https:\/\/schema.org","@graph":[{"@type":"Article","@id":"https:\/\/www.astor.com.pl\/biznes-i-produkcja\/15_techimpact-i-fmcg-przyszlosci-cyfryzacja-czy-stagnacja-biznes-i-produkcja-podcast\/#article","isPartOf":{"@id":"https:\/\/www.astor.com.pl\/biznes-i-produkcja\/15_techimpact-i-fmcg-przyszlosci-cyfryzacja-czy-stagnacja-biznes-i-produkcja-podcast\/"},"author":{"name":"Renata Poreda","@id":"https:\/\/www.astor.com.pl\/biznes-i-produkcja\/#\/schema\/person\/8459674e8e54c444aca44f32884dd063"},"headline":"#15_TechImpact i FMCG Przysz\u0142o\u015bci. Cyfryzacja czy stagnacja? | Biznes i Produkcja Podcast","datePublished":"2024-12-20T10:16:07+00:00","dateModified":"2025-02-20T11:50:08+00:00","mainEntityOfPage":{"@id":"https:\/\/www.astor.com.pl\/biznes-i-produkcja\/15_techimpact-i-fmcg-przyszlosci-cyfryzacja-czy-stagnacja-biznes-i-produkcja-podcast\/"},"wordCount":310,"publisher":{"@id":"https:\/\/www.astor.com.pl\/biznes-i-produkcja\/#organization"},"image":{"@id":"https:\/\/www.astor.com.pl\/biznes-i-produkcja\/15_techimpact-i-fmcg-przyszlosci-cyfryzacja-czy-stagnacja-biznes-i-produkcja-podcast\/#primaryimage"},"thumbnailUrl":"https:\/\/www.astor.com.pl\/biznes-i-produkcja\/wp-content\/uploads\/2025\/01\/Jarek_soundwave-min.png","keywords":["Fabryka przysz\u0142o\u015bci"],"articleSection":["Podcast","Tre\u015bci"],"inLanguage":"pl-PL"},{"@type":"WebPage","@id":"https:\/\/www.astor.com.pl\/biznes-i-produkcja\/15_techimpact-i-fmcg-przyszlosci-cyfryzacja-czy-stagnacja-biznes-i-produkcja-podcast\/","url":"https:\/\/www.astor.com.pl\/biznes-i-produkcja\/15_techimpact-i-fmcg-przyszlosci-cyfryzacja-czy-stagnacja-biznes-i-produkcja-podcast\/","name":"#15_TechImpact i FMCG Przysz\u0142o\u015bci. Cyfryzacja czy stagnacja? | Biznes i Produkcja Podcast | Biznes i Produkcja","isPartOf":{"@id":"https:\/\/www.astor.com.pl\/biznes-i-produkcja\/#website"},"primaryImageOfPage":{"@id":"https:\/\/www.astor.com.pl\/biznes-i-produkcja\/15_techimpact-i-fmcg-przyszlosci-cyfryzacja-czy-stagnacja-biznes-i-produkcja-podcast\/#primaryimage"},"image":{"@id":"https:\/\/www.astor.com.pl\/biznes-i-produkcja\/15_techimpact-i-fmcg-przyszlosci-cyfryzacja-czy-stagnacja-biznes-i-produkcja-podcast\/#primaryimage"},"thumbnailUrl":"https:\/\/www.astor.com.pl\/biznes-i-produkcja\/wp-content\/uploads\/2025\/01\/Jarek_soundwave-min.png","datePublished":"2024-12-20T10:16:07+00:00","dateModified":"2025-02-20T11:50:08+00:00","breadcrumb":{"@id":"https:\/\/www.astor.com.pl\/biznes-i-produkcja\/15_techimpact-i-fmcg-przyszlosci-cyfryzacja-czy-stagnacja-biznes-i-produkcja-podcast\/#breadcrumb"},"inLanguage":"pl-PL","potentialAction":[{"@type":"ReadAction","target":["https:\/\/www.astor.com.pl\/biznes-i-produkcja\/15_techimpact-i-fmcg-przyszlosci-cyfryzacja-czy-stagnacja-biznes-i-produkcja-podcast\/"]}]},{"@type":"ImageObject","inLanguage":"pl-PL","@id":"https:\/\/www.astor.com.pl\/biznes-i-produkcja\/15_techimpact-i-fmcg-przyszlosci-cyfryzacja-czy-stagnacja-biznes-i-produkcja-podcast\/#primaryimage","url":"https:\/\/www.astor.com.pl\/biznes-i-produkcja\/wp-content\/uploads\/2025\/01\/Jarek_soundwave-min.png","contentUrl":"https:\/\/www.astor.com.pl\/biznes-i-produkcja\/wp-content\/uploads\/2025\/01\/Jarek_soundwave-min.png","width":1200,"height":675},{"@type":"BreadcrumbList","@id":"https:\/\/www.astor.com.pl\/biznes-i-produkcja\/15_techimpact-i-fmcg-przyszlosci-cyfryzacja-czy-stagnacja-biznes-i-produkcja-podcast\/#breadcrumb","itemListElement":[{"@type":"ListItem","position":1,"name":"Podcast","item":"https:\/\/www.astor.com.pl\/biznes-i-produkcja\/kategoria\/podcast\/"},{"@type":"ListItem","position":2,"name":"#15_TechImpact i FMCG Przysz\u0142o\u015bci. Cyfryzacja czy stagnacja? | Biznes i Produkcja Podcast"}]},{"@type":"WebSite","@id":"https:\/\/www.astor.com.pl\/biznes-i-produkcja\/#website","url":"https:\/\/www.astor.com.pl\/biznes-i-produkcja\/","name":"Biznes i Produkcja","description":"Praktyczne aspekty transformacji do przemys\u0142u przysz\u0142o\u015bci","publisher":{"@id":"https:\/\/www.astor.com.pl\/biznes-i-produkcja\/#organization"},"potentialAction":[{"@type":"SearchAction","target":{"@type":"EntryPoint","urlTemplate":"https:\/\/www.astor.com.pl\/biznes-i-produkcja\/?s={search_term_string}"},"query-input":{"@type":"PropertyValueSpecification","valueRequired":true,"valueName":"search_term_string"}}],"inLanguage":"pl-PL"},{"@type":"Organization","@id":"https:\/\/www.astor.com.pl\/biznes-i-produkcja\/#organization","name":"ASTOR | gdzie technologia spotyka cz\u0142owieka","alternateName":"ASTOR","url":"https:\/\/www.astor.com.pl\/biznes-i-produkcja\/","logo":{"@type":"ImageObject","inLanguage":"pl-PL","@id":"https:\/\/www.astor.com.pl\/biznes-i-produkcja\/#\/schema\/logo\/image\/","url":"https:\/\/www.astor.com.pl\/biznes-i-produkcja\/wp-content\/uploads\/2017\/06\/ASTOR_logo.jpg","contentUrl":"https:\/\/www.astor.com.pl\/biznes-i-produkcja\/wp-content\/uploads\/2017\/06\/ASTOR_logo.jpg","width":185,"height":60,"caption":"ASTOR | gdzie technologia spotyka cz\u0142owieka"},"image":{"@id":"https:\/\/www.astor.com.pl\/biznes-i-produkcja\/#\/schema\/logo\/image\/"},"sameAs":["https:\/\/www.facebook.com\/ASTOR.automatyzacja"]},{"@type":"Person","@id":"https:\/\/www.astor.com.pl\/biznes-i-produkcja\/#\/schema\/person\/8459674e8e54c444aca44f32884dd063","name":"Renata Poreda","image":{"@type":"ImageObject","inLanguage":"pl-PL","@id":"https:\/\/www.astor.com.pl\/biznes-i-produkcja\/wp-content\/uploads\/2023\/06\/cropped-RP2-96x96.png","url":"https:\/\/www.astor.com.pl\/biznes-i-produkcja\/wp-content\/uploads\/2023\/06\/cropped-RP2-96x96.png","contentUrl":"https:\/\/www.astor.com.pl\/biznes-i-produkcja\/wp-content\/uploads\/2023\/06\/cropped-RP2-96x96.png","caption":"Renata Poreda"},"description":"Doradczyni w zakresie PR i wizerunku z ponad 20 letnim do\u015bwiadczeniem. Od ponad 12 lat zwi\u0105zana z bran\u017c\u0105 przemys\u0142ow\u0105 i nowoczesnych technologii. Obecnie \u0142\u0105czy funkcj\u0119 rzeczniczki prasowej FAIRP oraz ASTOR, kt\u00f3ry jest jednym z cz\u0142onk\u00f3w za\u0142o\u017cycieli Zwi\u0105zku Pracodawc\u00f3w Forum Automatyki i Robotyki Polskiej. Wspiera dzia\u0142ania CSR, sponsoringowe oraz wsp\u00f3\u0142tworzy koncepty kreatywne kampanii komunikacyjnych. Redaktor naczelna pisma Biznes i Produkcja w latach 2018-2024. Autorka podcastu o tej samej nazwie. Od 2024 nale\u017cy do Rady Programowej Studi\u00f3w Podyplomowych Public Relations i Brand Management w Instytucie Ekonomii, Finans\u00f3w i Zarz\u0105dzania UJ, wyk\u0142adowczyni UJ. W PSPR, po kilkuletniej przerwie, od 2019 roku. Od 2024 nale\u017cy do Rady Programowej Studi\u00f3w Podyplomowych Public Relations i Brand Management w Instytucie Ekonomii, Finans\u00f3w i Zarz\u0105dzania UJ, kt\u00f3rych PSPR jest partnerem. Wyk\u0142adowczyni UJ. Cz\u0142onkini Sektorowej Rady ds. Kompetencji Sektora Komunikacji Marketingowej kadencji 2025-2029 dzia\u0142aj\u0105cej przy Ministerstwie Funduszy i Polityki Regionalnej. Absolwentka podyplomowych studi\u00f3w w zakresie Public Relations (UJ) oraz Marketingu w sieci (WSE im. ks. J. Tischnera). Uko\u0144czy\u0142a r\u00f3wnie\u017c presti\u017cowy program brytyjskiego instytutu \u201eThe Chartered Institute of Marketing, prowadzony w Polsce przez Questus \u2013 akredytowane centrum egzaminacyjne. Zwolenniczka empatycznej komunikacji, pasjonatka g\u00f3r, biegania i motoryzacji.","sameAs":["https:\/\/www.linkedin.com\/feed\/"],"url":"https:\/\/www.astor.com.pl\/biznes-i-produkcja\/author\/renatap\/"}]}},"_links":{"self":[{"href":"https:\/\/www.astor.com.pl\/biznes-i-produkcja\/wp-json\/wp\/v2\/posts\/8830","targetHints":{"allow":["GET"]}}],"collection":[{"href":"https:\/\/www.astor.com.pl\/biznes-i-produkcja\/wp-json\/wp\/v2\/posts"}],"about":[{"href":"https:\/\/www.astor.com.pl\/biznes-i-produkcja\/wp-json\/wp\/v2\/types\/post"}],"author":[{"embeddable":true,"href":"https:\/\/www.astor.com.pl\/biznes-i-produkcja\/wp-json\/wp\/v2\/users\/17"}],"replies":[{"embeddable":true,"href":"https:\/\/www.astor.com.pl\/biznes-i-produkcja\/wp-json\/wp\/v2\/comments?post=8830"}],"version-history":[{"count":2,"href":"https:\/\/www.astor.com.pl\/biznes-i-produkcja\/wp-json\/wp\/v2\/posts\/8830\/revisions"}],"predecessor-version":[{"id":8854,"href":"https:\/\/www.astor.com.pl\/biznes-i-produkcja\/wp-json\/wp\/v2\/posts\/8830\/revisions\/8854"}],"wp:featuredmedia":[{"embeddable":true,"href":"https:\/\/www.astor.com.pl\/biznes-i-produkcja\/wp-json\/wp\/v2\/media\/8898"}],"wp:attachment":[{"href":"https:\/\/www.astor.com.pl\/biznes-i-produkcja\/wp-json\/wp\/v2\/media?parent=8830"}],"wp:term":[{"taxonomy":"category","embeddable":true,"href":"https:\/\/www.astor.com.pl\/biznes-i-produkcja\/wp-json\/wp\/v2\/categories?post=8830"},{"taxonomy":"post_tag","embeddable":true,"href":"https:\/\/www.astor.com.pl\/biznes-i-produkcja\/wp-json\/wp\/v2\/tags?post=8830"}],"curies":[{"name":"wp","href":"https:\/\/api.w.org\/{rel}","templated":true}]}}