{"id":8590,"date":"2024-08-23T11:27:42","date_gmt":"2024-08-23T09:27:42","guid":{"rendered":"https:\/\/www.astor.com.pl\/biznes-i-produkcja\/?p=8590"},"modified":"2025-02-20T12:50:33","modified_gmt":"2025-02-20T11:50:33","slug":"inteligentna-intralogistyka-industry-4-0-w-branzy-fmcg","status":"publish","type":"post","link":"https:\/\/www.astor.com.pl\/biznes-i-produkcja\/inteligentna-intralogistyka-industry-4-0-w-branzy-fmcg\/","title":{"rendered":"Inteligentna intralogistyka \u2013 Industry 4.0 w bran\u017cy FMCG"},"content":{"rendered":"\n<p><a href=\"https:\/\/colian.com\/\">Colian Holding S.A<\/a> to dzia\u0142aj\u0105cy w Polsce, wiod\u0105cy producent artyku\u0142\u00f3w spo\u017cywczych w bran\u017cy cukierniczej, a tak\u017ce napoj\u00f3w i przypraw. Firma ma w swoim portfolio takie marki jak Goplana, Solidarno\u015b\u0107, Jutrzenka, Grze\u015bki, Familijne, Je\u017cyki, czy Akuku. Je\u015bli chodzi o napoje jest w\u0142a\u015bcicielem marki Helena, a na rynku przypraw zarz\u0105dza markami Appetita oraz Siesta.<\/p>\n\n\n\n<p>Colian Holding ma sze\u015b\u0107 zak\u0142ad\u00f3w produkcyjnych. Produkcja trafia na rynek polski oraz do\u00a0ponad 60 innych kraj\u00f3w. <strong>W fabryce w Opat\u00f3wku, gdzie produkowany jest nap\u00f3j Helena, firma Colian postawi\u0142a na inteligentny i kompleksowy system przygotowania i transportu palet<\/strong>. System zosta\u0142 pomy\u015blany jako uzupe\u0142ninie dzia\u0142aj\u0105cej ju\u017c, w pe\u0142ni zautomatyzowanej i nowoczesnej linii produkcji napoj\u00f3w. Dzi\u0119ki nowej inwestycji, linia sta\u0142a si\u0119 w pe\u0142ni automatyczna, pocz\u0105wszy od procesu rozlewania, przez pakowanie, transport a\u017c po sk\u0142adowanie w magazynie.<\/p>\n\n\n\n<figure class=\"wp-block-embed is-type-video is-provider-youtube wp-block-embed-youtube wp-embed-aspect-16-9 wp-has-aspect-ratio\"><div class=\"wp-block-embed__wrapper\">\n<iframe loading=\"lazy\" title=\"Transport wewn\u0105trzzak\u0142adowy wyrobu gotowego w firmie Colian\" width=\"500\" height=\"281\" src=\"https:\/\/www.youtube.com\/embed\/4eyw9crJD8Y?feature=oembed\" frameborder=\"0\" allow=\"accelerometer; autoplay; clipboard-write; encrypted-media; gyroscope; picture-in-picture; web-share\" referrerpolicy=\"strict-origin-when-cross-origin\" allowfullscreen><\/iframe>\n<\/div><\/figure>\n\n\n\n<p> <\/p>\n\n\n\n<p><strong>Oto, jak po kolei wygl\u0105daj\u0105 poszczeg\u00f3lne etapy procesu:<\/strong> Produkcja napoj\u00f3w marki Hellena rozpoczyna si\u0119 od ich przygotowania zgodnie z recepturami, a nast\u0119pnie rozlania do butelek zgodnie z planem produkcyjnym. W kolejnym etapie butelki s\u0105 automatycznie pakowane w zgrzewki i uk\u0142adane na paletach gotowe do dalszego transportu.<\/p>\n\n\n\n<p><a href=\"https:\/\/www.astor.com.pl\/oferta\/intralogistyka\/inteligentna-intralogistyka.html\">System automatycznego transportu palet<\/a> z wyrobami gotowymi pozwala na obs\u0142ug\u0119 efektu pracy kilku linii produkcyjnych. Sk\u0142ada si\u0119 z trzech linii transportuj\u0105cych i weryfikuj\u0105cych poprawno\u015b\u0107 palet dostarczonych z produkcji. W bran\u017cy FMCG transport produkt\u00f3w gotowych odbywa si\u0119 na paletach EUR oraz DHP. Co wa\u017cne, <strong>system zosta\u0142 tak zaprojektowany, \u017ce zapewnia pe\u0142ne \u015bledzenie produkt\u00f3w w procesie transportu<\/strong>.<\/p>\n\n\n\n                <div class=\"ml-form-embed\"\n                     data-account=\"1412992:d3l7o0t1k2\"\n                     data-form=\"6025887:d5z3i9\">\n                <\/div>\n            \n\n\n\n<p>System zarz\u0105dzany jest centralnie z wykorzystaniem specjalnego oprogramowania. Operatorzy maj\u0105 komfortowy dost\u0119p do g\u0142\u00f3wnego panelu sterowania, dzi\u0119ki czemu w przypadku wykrytych niezgodno\u015bci mog\u0105 od razu reagowa\u0107.<\/p>\n\n\n\n<p>Automatyzacja tego procesu pozwoli\u0142a na usprawnienie proces\u00f3w logistycznych w fabryce, zapewniaj\u0105c oczekiwan\u0105 wydajno\u015b\u0107. <strong>Nowe rozwi\u0105zanie pozwoli\u0142o spi\u0105\u0107 ca\u0142y proces produkcyjny i sprawi\u0107, \u017ce obecnie jest on w pe\u0142ni zautomatyzowany<\/strong>. System dodatkowo sprawi\u0142, \u017ce pracownicy s\u0105 w mniejszym stopniu obci\u0105\u017ceni m\u0119cz\u0105c\u0105 prac\u0105 fizyczn\u0105.<\/p>\n\n\n<div class=\"wp-block-image\">\n<figure class=\"aligncenter size-large is-resized\"><img loading=\"lazy\" decoding=\"async\" width=\"1200\" height=\"800\" src=\"https:\/\/www.astor.com.pl\/biznes-i-produkcja\/wp-content\/uploads\/2024\/08\/086A6422-1200x800.jpg\" alt=\"\" class=\"wp-image-8591\" style=\"width:564px;height:auto\" srcset=\"https:\/\/www.astor.com.pl\/biznes-i-produkcja\/wp-content\/uploads\/2024\/08\/086A6422-1200x800.jpg 1200w, https:\/\/www.astor.com.pl\/biznes-i-produkcja\/wp-content\/uploads\/2024\/08\/086A6422-744x496.jpg 744w, https:\/\/www.astor.com.pl\/biznes-i-produkcja\/wp-content\/uploads\/2024\/08\/086A6422-420x280.jpg 420w, https:\/\/www.astor.com.pl\/biznes-i-produkcja\/wp-content\/uploads\/2024\/08\/086A6422-768x512.jpg 768w, https:\/\/www.astor.com.pl\/biznes-i-produkcja\/wp-content\/uploads\/2024\/08\/086A6422-1536x1024.jpg 1536w, https:\/\/www.astor.com.pl\/biznes-i-produkcja\/wp-content\/uploads\/2024\/08\/086A6422-2048x1365.jpg 2048w\" sizes=\"auto, (max-width: 1200px) 100vw, 1200px\" \/><\/figure>\n<\/div>\n\n\n<p>Firma <a href=\"https:\/\/www.astor.com.pl\/\">ASTOR<\/a> jako generalny wykonawca zaproponowa\u0142a i wykona\u0142a system, kt\u00f3ry zapewnienia ci\u0105g\u0142o\u015b\u0107 proces\u00f3w operacyjnych i biznesowych. System automatycznego transportu palet z wyrobami gotowymi do magazynu wysokiego sk\u0142adowania przeznaczony jest do transportu dw\u00f3ch typ\u00f3w palet wraz z \u0142adunkiem: palet EUR oraz palet DHP, kt\u00f3re zawsze transportowane s\u0105 w tandemie i swoim obrysem pokrywaj\u0105 si\u0119 z obrysem palety EUR.<\/p>\n\n\n\n<p>System \u0142\u0105czy transport z 3 r\u00f3\u017cnych kierunk\u00f3w: od strony zachodniej odbi\u00f3r z 1 linii rozlewniczej po\u0142\u0105czonej transporterem \u0142a\u0144cuchowym; od strony p\u00f3\u0142nocnej odbi\u00f3r z 3 linii rozlewniczych \u2013 2 transportery \u0142a\u0144cuchowe; od strony wschodniej 2 nitki transporter\u00f3w \u0142a\u0144cuchowych prowadz\u0105cych do automatycznego magazynu wysokiego sk\u0142adowania. Pomi\u0119dzy liniami wyst\u0119puje r\u00f3\u017cnica poziom\u00f3w, kt\u00f3ra r\u00f3wnowa\u017cona jest za pomoc\u0105 wind i podno\u015bnik\u00f3w no\u017cycowych. Niezale\u017cnym od ca\u0142ego systemu po\u0142\u0105czeniem jest transport p\u00f3\u0142produkt\u00f3w do produkcji w relacji p\u00f3\u0142noc-po\u0142udnie przy u\u017cyciu transporter\u00f3w rolkowych i windy.<\/p>\n\n\n<div class=\"wp-block-image\">\n<figure class=\"aligncenter size-large is-resized\"><img loading=\"lazy\" decoding=\"async\" width=\"1200\" height=\"675\" src=\"https:\/\/www.astor.com.pl\/biznes-i-produkcja\/wp-content\/uploads\/2024\/08\/Astor-Colian-new-44-1200x675.jpg\" alt=\"\" class=\"wp-image-8592\" style=\"width:620px;height:auto\" srcset=\"https:\/\/www.astor.com.pl\/biznes-i-produkcja\/wp-content\/uploads\/2024\/08\/Astor-Colian-new-44-1200x675.jpg 1200w, https:\/\/www.astor.com.pl\/biznes-i-produkcja\/wp-content\/uploads\/2024\/08\/Astor-Colian-new-44-744x419.jpg 744w, https:\/\/www.astor.com.pl\/biznes-i-produkcja\/wp-content\/uploads\/2024\/08\/Astor-Colian-new-44-420x236.jpg 420w, https:\/\/www.astor.com.pl\/biznes-i-produkcja\/wp-content\/uploads\/2024\/08\/Astor-Colian-new-44-768x432.jpg 768w, https:\/\/www.astor.com.pl\/biznes-i-produkcja\/wp-content\/uploads\/2024\/08\/Astor-Colian-new-44-1536x864.jpg 1536w, https:\/\/www.astor.com.pl\/biznes-i-produkcja\/wp-content\/uploads\/2024\/08\/Astor-Colian-new-44-2048x1152.jpg 2048w\" sizes=\"auto, (max-width: 1200px) 100vw, 1200px\" \/><\/figure>\n<\/div>\n\n\n<p>W sk\u0142ad linii wchodz\u0105 3 rodzaje transporter\u00f3w: rolkowe, \u0142a\u0144cuchowe oraz krzy\u017cowe (rolkowo-\u0142a\u0144cuchowe).<\/p>\n\n\n\n<h3 class=\"wp-block-heading\">Funkcje systemu:<\/h3>\n\n\n\n<ul class=\"wp-block-list\">\n<li>odbi\u00f3r palet z wyrobem gotowym,<\/li>\n\n\n\n<li>automatyczny transport palet do wej\u015bcia magazynu wysokiego sk\u0142adowania,<\/li>\n\n\n\n<li>kontrola palet pod k\u0105tem jako\u015bci wykonania no\u015bnika, wagi palety, odchylenia \u0142adunku od pionu,<\/li>\n\n\n\n<li>aplikacja palety EUR jako no\u015bnika dla dw\u00f3ch palet DHP,<\/li>\n\n\n\n<li>owini\u0119cie palety EUR z dwoma paletami DHP,<\/li>\n\n\n\n<li>naklejenie etykiety dla nowopowsta\u0142ej palety EUR wraz z zaraportowaniem do systemu SAP.<\/li>\n<\/ul>\n\n\n\n<p>System zosta\u0142 zaprojektowany od podstaw tak, aby uzupe\u0142ni\u0107 proces transportu wewn\u0105trzzak\u0142adowego. <strong>W celu uzyskania pe\u0142nej automatyzacji w rozwi\u0105zaniu zosta\u0142y zastosowane takie urz\u0105dzenia jak<\/strong>:<\/p>\n\n\n\n<ul class=\"wp-block-list\">\n<li>skaner sprawdzaj\u0105cy typ palet,<\/li>\n\n\n\n<li>bramka kontrolna pomiarowa \u2013 pozwala na badanie palet pod k\u0105tem stanu p\u0142\u00f3z i prze\u015bwit\u00f3w, wagi, wysoko\u015bci oraz ewentualnych wychyle\u0144 \u0142adunku,<\/li>\n\n\n\n<li>skaner kod\u00f3w kreskowych \u2013 na ich podstawie przep\u0142yw palet jest odpowiednio zarz\u0105dzany,<\/li>\n\n\n\n<li>przeno\u015bnik pionowy b\u0105d\u017a transportery poziome. W tym systemie u\u017cyto przeno\u015bnik\u00f3w zar\u00f3wno rolkowych jak i \u0142a\u0144cuchowych, wykorzystujemy tak\u017ce skrzy\u017cowania, transportery pionowe hydrauliczne oraz elektryczne.<\/li>\n<\/ul>\n\n\n\n<p>Z punktu widzenia klienta i bran\u017cy wa\u017cna jest mo\u017cliwo\u015b\u0107 jednoczesnego transportu palet EUR oraz DHP. Elastyczno\u015b\u0107 transportu uzyskali\u015bmy dzi\u0119ki zaprojektowaniu i dobraniu odpowiednich element\u00f3w systemu. Dodatkowy obszar transportowy zosta\u0142 wydzielony poza stref\u0105 bezpiecze\u0144stwa systemu, w kt\u00f3rym poprawiane s\u0105 palety do wymaga\u0144 ko\u0144cowego magazynu sk\u0142adowania. <strong>Odpowiednio rozpoznany rodzaj palet jest kierowany na sztaplark\u0119, gdzie dokonuje si\u0119 \u0142\u0105czenia palet DHP na palecie EUR, nast\u0119pnie paleta trafia na owijark\u0119 ramieniow\u0105 i do etykieciarki<\/strong>.<\/p>\n\n\n<div class=\"wp-block-image\">\n<figure class=\"aligncenter size-large is-resized\"><img loading=\"lazy\" decoding=\"async\" width=\"1200\" height=\"675\" src=\"https:\/\/www.astor.com.pl\/biznes-i-produkcja\/wp-content\/uploads\/2024\/08\/CLIP.02_45_02_34.Still021-1200x675.jpg\" alt=\"\" class=\"wp-image-8593\" style=\"width:629px;height:auto\" srcset=\"https:\/\/www.astor.com.pl\/biznes-i-produkcja\/wp-content\/uploads\/2024\/08\/CLIP.02_45_02_34.Still021-1200x675.jpg 1200w, https:\/\/www.astor.com.pl\/biznes-i-produkcja\/wp-content\/uploads\/2024\/08\/CLIP.02_45_02_34.Still021-744x419.jpg 744w, https:\/\/www.astor.com.pl\/biznes-i-produkcja\/wp-content\/uploads\/2024\/08\/CLIP.02_45_02_34.Still021-420x236.jpg 420w, https:\/\/www.astor.com.pl\/biznes-i-produkcja\/wp-content\/uploads\/2024\/08\/CLIP.02_45_02_34.Still021-768x432.jpg 768w, https:\/\/www.astor.com.pl\/biznes-i-produkcja\/wp-content\/uploads\/2024\/08\/CLIP.02_45_02_34.Still021-1536x864.jpg 1536w, https:\/\/www.astor.com.pl\/biznes-i-produkcja\/wp-content\/uploads\/2024\/08\/CLIP.02_45_02_34.Still021-2048x1152.jpg 2048w\" sizes=\"auto, (max-width: 1200px) 100vw, 1200px\" \/><\/figure>\n<\/div>\n\n\n<p>Skaner kod\u00f3w kreskowych identyfikuje odpowiednio palet\u0119, co tak\u017ce u\u0142atwia proces monitoringu palety na potrzeby firmy. Ca\u0142y system obj\u0119ty jest systemem bezpiecze\u0144stwa.<\/p>\n\n\n\n<p>Tak wi\u0119c ten inteligentny system przyjmuje z produkcji produkty na dw\u00f3ch r\u00f3\u017cnych rodzajach palet i potrafi je rozpozna\u0107, po\u0142\u0105czy\u0107 zgodnie z wymaganiami na palet\u0119 EUR i gotowy dostarczy\u0107 w spos\u00f3b automatyczny do magazynu ko\u0144cowego. Dzi\u0119ki tym rozwi\u0105zaniom rola operator\u00f3w sprowadza si\u0119 do nadzoru w oparciu o panel sterowania i eliminowania b\u0142\u0119d\u00f3w wykrytych przez system.<\/p>\n\n\n\n<p>Ko\u0144cowym elementem ci\u0105gu produkcyjnego jest wysoki na 40 metr\u00f3w w pe\u0142ni zautomatyzowany magazyn wysokiego sk\u0142adowania, do kt\u00f3rego trafiaj\u0105 gotowe produkty. Dzi\u0119ki sprawdzonym jako\u015bciowo paletom sk\u0142adowanie mo\u017ce odbywa\u0107 si\u0119 w spos\u00f3b ca\u0142kowicie zautomatyzowany.<\/p>\n\n\n\n<p>Dzi\u0119ki nowatorskiemu podej\u015bciu do zarz\u0105dzania firma planuje dalszy rozw\u00f3j w dziedzinie Industry 4.0<\/p>\n","protected":false},"excerpt":{"rendered":"<p><strong>Jak zbudowa\u0107 kompleksowy system przygotowania i transportu palet z wyrobami gotowymi do magazynu wysokiego sk\u0142adowania \u2013 na przyk\u0142adzie firmy Colian.<\/strong><\/p>\n","protected":false},"author":87,"featured_media":8594,"comment_status":"closed","ping_status":"closed","sticky":false,"template":"","format":"standard","meta":{"_acf_changed":false,"inline_featured_image":false,"footnotes":""},"categories":[370,525],"tags":[333,110],"class_list":["post-8590","post","type-post","status-publish","format-standard","has-post-thumbnail","hentry","category-historie-sukcesu","category-tresci","tag-intralogistyka","tag-przemysl-4-0"],"acf":[],"yoast_head":"<!-- This site is optimized with the Yoast SEO plugin v27.3 - https:\/\/yoast.com\/product\/yoast-seo-wordpress\/ -->\r\n<title>Inteligentna intralogistyka \u2013 Industry 4.0 w bran\u017cy FMCG | Biznes i Produkcja<\/title>\r\n<meta name=\"robots\" content=\"index, follow, max-snippet:-1, max-image-preview:large, max-video-preview:-1\" \/>\r\n<link rel=\"canonical\" href=\"https:\/\/www.astor.com.pl\/biznes-i-produkcja\/inteligentna-intralogistyka-industry-4-0-w-branzy-fmcg\/\" \/>\r\n<meta property=\"og:locale\" content=\"pl_PL\" \/>\r\n<meta property=\"og:type\" content=\"article\" \/>\r\n<meta property=\"og:title\" content=\"Inteligentna intralogistyka \u2013 Industry 4.0 w bran\u017cy FMCG | Biznes i Produkcja\" \/>\r\n<meta property=\"og:description\" content=\"Jak zbudowa\u0107 kompleksowy system przygotowania i transportu palet z wyrobami gotowymi do magazynu wysokiego sk\u0142adowania \u2013 na przyk\u0142adzie firmy Colian.\" \/>\r\n<meta property=\"og:url\" content=\"https:\/\/www.astor.com.pl\/biznes-i-produkcja\/inteligentna-intralogistyka-industry-4-0-w-branzy-fmcg\/\" \/>\r\n<meta property=\"og:site_name\" content=\"Biznes i Produkcja\" \/>\r\n<meta property=\"article:publisher\" content=\"https:\/\/www.facebook.com\/ASTOR.automatyzacja\" \/>\r\n<meta property=\"article:published_time\" content=\"2024-08-23T09:27:42+00:00\" \/>\r\n<meta property=\"article:modified_time\" content=\"2025-02-20T11:50:33+00:00\" \/>\r\n<meta property=\"og:image\" content=\"https:\/\/www.astor.com.pl\/biznes-i-produkcja\/wp-content\/uploads\/2024\/08\/Astor-Colian-new-42-scaled.jpg\" \/>\r\n\t<meta property=\"og:image:width\" content=\"2560\" \/>\r\n\t<meta property=\"og:image:height\" content=\"1440\" \/>\r\n\t<meta property=\"og:image:type\" content=\"image\/jpeg\" \/>\r\n<meta name=\"author\" content=\"Bart\u0142omiej Ka\u0142u\u017ca\" \/>\r\n<meta name=\"twitter:card\" content=\"summary_large_image\" \/>\r\n<meta name=\"twitter:label1\" content=\"Napisane przez\" \/>\n\t<meta name=\"twitter:data1\" content=\"Bart\u0142omiej Ka\u0142u\u017ca\" \/>\n\t<meta name=\"twitter:label2\" content=\"Szacowany czas czytania\" \/>\n\t<meta name=\"twitter:data2\" content=\"6 minut\" \/>\r\n<script type=\"application\/ld+json\" class=\"yoast-schema-graph\">{\"@context\":\"https:\\\/\\\/schema.org\",\"@graph\":[{\"@type\":\"Article\",\"@id\":\"https:\\\/\\\/www.astor.com.pl\\\/biznes-i-produkcja\\\/inteligentna-intralogistyka-industry-4-0-w-branzy-fmcg\\\/#article\",\"isPartOf\":{\"@id\":\"https:\\\/\\\/www.astor.com.pl\\\/biznes-i-produkcja\\\/inteligentna-intralogistyka-industry-4-0-w-branzy-fmcg\\\/\"},\"author\":{\"name\":\"Bart\u0142omiej Ka\u0142u\u017ca\",\"@id\":\"https:\\\/\\\/www.astor.com.pl\\\/biznes-i-produkcja\\\/#\\\/schema\\\/person\\\/2e3fcc9a844b9519ce320b855c643e70\"},\"headline\":\"Inteligentna intralogistyka \u2013 Industry 4.0 w bran\u017cy FMCG\",\"datePublished\":\"2024-08-23T09:27:42+00:00\",\"dateModified\":\"2025-02-20T11:50:33+00:00\",\"mainEntityOfPage\":{\"@id\":\"https:\\\/\\\/www.astor.com.pl\\\/biznes-i-produkcja\\\/inteligentna-intralogistyka-industry-4-0-w-branzy-fmcg\\\/\"},\"wordCount\":965,\"publisher\":{\"@id\":\"https:\\\/\\\/www.astor.com.pl\\\/biznes-i-produkcja\\\/#organization\"},\"image\":{\"@id\":\"https:\\\/\\\/www.astor.com.pl\\\/biznes-i-produkcja\\\/inteligentna-intralogistyka-industry-4-0-w-branzy-fmcg\\\/#primaryimage\"},\"thumbnailUrl\":\"https:\\\/\\\/www.astor.com.pl\\\/biznes-i-produkcja\\\/wp-content\\\/uploads\\\/2024\\\/08\\\/Astor-Colian-new-42-scaled.jpg\",\"keywords\":[\"Intralogistyka\",\"Przemys\u0142 4.0\"],\"articleSection\":[\"Historie sukcesu\",\"Tre\u015bci\"],\"inLanguage\":\"pl-PL\"},{\"@type\":\"WebPage\",\"@id\":\"https:\\\/\\\/www.astor.com.pl\\\/biznes-i-produkcja\\\/inteligentna-intralogistyka-industry-4-0-w-branzy-fmcg\\\/\",\"url\":\"https:\\\/\\\/www.astor.com.pl\\\/biznes-i-produkcja\\\/inteligentna-intralogistyka-industry-4-0-w-branzy-fmcg\\\/\",\"name\":\"Inteligentna intralogistyka \u2013 Industry 4.0 w bran\u017cy FMCG | Biznes i Produkcja\",\"isPartOf\":{\"@id\":\"https:\\\/\\\/www.astor.com.pl\\\/biznes-i-produkcja\\\/#website\"},\"primaryImageOfPage\":{\"@id\":\"https:\\\/\\\/www.astor.com.pl\\\/biznes-i-produkcja\\\/inteligentna-intralogistyka-industry-4-0-w-branzy-fmcg\\\/#primaryimage\"},\"image\":{\"@id\":\"https:\\\/\\\/www.astor.com.pl\\\/biznes-i-produkcja\\\/inteligentna-intralogistyka-industry-4-0-w-branzy-fmcg\\\/#primaryimage\"},\"thumbnailUrl\":\"https:\\\/\\\/www.astor.com.pl\\\/biznes-i-produkcja\\\/wp-content\\\/uploads\\\/2024\\\/08\\\/Astor-Colian-new-42-scaled.jpg\",\"datePublished\":\"2024-08-23T09:27:42+00:00\",\"dateModified\":\"2025-02-20T11:50:33+00:00\",\"breadcrumb\":{\"@id\":\"https:\\\/\\\/www.astor.com.pl\\\/biznes-i-produkcja\\\/inteligentna-intralogistyka-industry-4-0-w-branzy-fmcg\\\/#breadcrumb\"},\"inLanguage\":\"pl-PL\",\"potentialAction\":[{\"@type\":\"ReadAction\",\"target\":[\"https:\\\/\\\/www.astor.com.pl\\\/biznes-i-produkcja\\\/inteligentna-intralogistyka-industry-4-0-w-branzy-fmcg\\\/\"]}]},{\"@type\":\"ImageObject\",\"inLanguage\":\"pl-PL\",\"@id\":\"https:\\\/\\\/www.astor.com.pl\\\/biznes-i-produkcja\\\/inteligentna-intralogistyka-industry-4-0-w-branzy-fmcg\\\/#primaryimage\",\"url\":\"https:\\\/\\\/www.astor.com.pl\\\/biznes-i-produkcja\\\/wp-content\\\/uploads\\\/2024\\\/08\\\/Astor-Colian-new-42-scaled.jpg\",\"contentUrl\":\"https:\\\/\\\/www.astor.com.pl\\\/biznes-i-produkcja\\\/wp-content\\\/uploads\\\/2024\\\/08\\\/Astor-Colian-new-42-scaled.jpg\",\"width\":2560,\"height\":1440},{\"@type\":\"BreadcrumbList\",\"@id\":\"https:\\\/\\\/www.astor.com.pl\\\/biznes-i-produkcja\\\/inteligentna-intralogistyka-industry-4-0-w-branzy-fmcg\\\/#breadcrumb\",\"itemListElement\":[{\"@type\":\"ListItem\",\"position\":1,\"name\":\"Historie sukcesu\",\"item\":\"https:\\\/\\\/www.astor.com.pl\\\/biznes-i-produkcja\\\/kategoria\\\/historie-sukcesu\\\/\"},{\"@type\":\"ListItem\",\"position\":2,\"name\":\"Inteligentna intralogistyka \u2013 Industry 4.0 w bran\u017cy FMCG\"}]},{\"@type\":\"WebSite\",\"@id\":\"https:\\\/\\\/www.astor.com.pl\\\/biznes-i-produkcja\\\/#website\",\"url\":\"https:\\\/\\\/www.astor.com.pl\\\/biznes-i-produkcja\\\/\",\"name\":\"Biznes i Produkcja\",\"description\":\"Praktyczne aspekty transformacji do przemys\u0142u przysz\u0142o\u015bci\",\"publisher\":{\"@id\":\"https:\\\/\\\/www.astor.com.pl\\\/biznes-i-produkcja\\\/#organization\"},\"potentialAction\":[{\"@type\":\"SearchAction\",\"target\":{\"@type\":\"EntryPoint\",\"urlTemplate\":\"https:\\\/\\\/www.astor.com.pl\\\/biznes-i-produkcja\\\/?s={search_term_string}\"},\"query-input\":{\"@type\":\"PropertyValueSpecification\",\"valueRequired\":true,\"valueName\":\"search_term_string\"}}],\"inLanguage\":\"pl-PL\"},{\"@type\":\"Organization\",\"@id\":\"https:\\\/\\\/www.astor.com.pl\\\/biznes-i-produkcja\\\/#organization\",\"name\":\"ASTOR | gdzie technologia spotyka cz\u0142owieka\",\"alternateName\":\"ASTOR\",\"url\":\"https:\\\/\\\/www.astor.com.pl\\\/biznes-i-produkcja\\\/\",\"logo\":{\"@type\":\"ImageObject\",\"inLanguage\":\"pl-PL\",\"@id\":\"https:\\\/\\\/www.astor.com.pl\\\/biznes-i-produkcja\\\/#\\\/schema\\\/logo\\\/image\\\/\",\"url\":\"https:\\\/\\\/www.astor.com.pl\\\/biznes-i-produkcja\\\/wp-content\\\/uploads\\\/2017\\\/06\\\/ASTOR_logo.jpg\",\"contentUrl\":\"https:\\\/\\\/www.astor.com.pl\\\/biznes-i-produkcja\\\/wp-content\\\/uploads\\\/2017\\\/06\\\/ASTOR_logo.jpg\",\"width\":185,\"height\":60,\"caption\":\"ASTOR | gdzie technologia spotyka cz\u0142owieka\"},\"image\":{\"@id\":\"https:\\\/\\\/www.astor.com.pl\\\/biznes-i-produkcja\\\/#\\\/schema\\\/logo\\\/image\\\/\"},\"sameAs\":[\"https:\\\/\\\/www.facebook.com\\\/ASTOR.automatyzacja\"]},{\"@type\":\"Person\",\"@id\":\"https:\\\/\\\/www.astor.com.pl\\\/biznes-i-produkcja\\\/#\\\/schema\\\/person\\\/2e3fcc9a844b9519ce320b855c643e70\",\"name\":\"Bart\u0142omiej Ka\u0142u\u017ca\",\"image\":{\"@type\":\"ImageObject\",\"inLanguage\":\"pl-PL\",\"@id\":\"https:\\\/\\\/www.astor.com.pl\\\/biznes-i-produkcja\\\/wp-content\\\/uploads\\\/2024\\\/08\\\/cropped-Prof_272413-96x96.jpg\",\"url\":\"https:\\\/\\\/www.astor.com.pl\\\/biznes-i-produkcja\\\/wp-content\\\/uploads\\\/2024\\\/08\\\/cropped-Prof_272413-96x96.jpg\",\"contentUrl\":\"https:\\\/\\\/www.astor.com.pl\\\/biznes-i-produkcja\\\/wp-content\\\/uploads\\\/2024\\\/08\\\/cropped-Prof_272413-96x96.jpg\",\"caption\":\"Bart\u0142omiej Ka\u0142u\u017ca\"},\"description\":\"Starszy Specjalista ds. Przygotowania Projekt\u00f3w w Linii Biznesowej Intralogistyka w ASTOR\",\"url\":\"https:\\\/\\\/www.astor.com.pl\\\/biznes-i-produkcja\\\/author\\\/b-kaluza\\\/\"}]}<\/script>\r\n<!-- \/ Yoast SEO plugin. -->","yoast_head_json":{"title":"Inteligentna intralogistyka \u2013 Industry 4.0 w bran\u017cy FMCG | Biznes i Produkcja","robots":{"index":"index","follow":"follow","max-snippet":"max-snippet:-1","max-image-preview":"max-image-preview:large","max-video-preview":"max-video-preview:-1"},"canonical":"https:\/\/www.astor.com.pl\/biznes-i-produkcja\/inteligentna-intralogistyka-industry-4-0-w-branzy-fmcg\/","og_locale":"pl_PL","og_type":"article","og_title":"Inteligentna intralogistyka \u2013 Industry 4.0 w bran\u017cy FMCG | Biznes i Produkcja","og_description":"Jak zbudowa\u0107 kompleksowy system przygotowania i transportu palet z wyrobami gotowymi do magazynu wysokiego sk\u0142adowania \u2013 na przyk\u0142adzie firmy Colian.","og_url":"https:\/\/www.astor.com.pl\/biznes-i-produkcja\/inteligentna-intralogistyka-industry-4-0-w-branzy-fmcg\/","og_site_name":"Biznes i Produkcja","article_publisher":"https:\/\/www.facebook.com\/ASTOR.automatyzacja","article_published_time":"2024-08-23T09:27:42+00:00","article_modified_time":"2025-02-20T11:50:33+00:00","og_image":[{"width":2560,"height":1440,"url":"https:\/\/www.astor.com.pl\/biznes-i-produkcja\/wp-content\/uploads\/2024\/08\/Astor-Colian-new-42-scaled.jpg","type":"image\/jpeg"}],"author":"Bart\u0142omiej Ka\u0142u\u017ca","twitter_card":"summary_large_image","twitter_misc":{"Napisane przez":"Bart\u0142omiej Ka\u0142u\u017ca","Szacowany czas czytania":"6 minut"},"schema":{"@context":"https:\/\/schema.org","@graph":[{"@type":"Article","@id":"https:\/\/www.astor.com.pl\/biznes-i-produkcja\/inteligentna-intralogistyka-industry-4-0-w-branzy-fmcg\/#article","isPartOf":{"@id":"https:\/\/www.astor.com.pl\/biznes-i-produkcja\/inteligentna-intralogistyka-industry-4-0-w-branzy-fmcg\/"},"author":{"name":"Bart\u0142omiej Ka\u0142u\u017ca","@id":"https:\/\/www.astor.com.pl\/biznes-i-produkcja\/#\/schema\/person\/2e3fcc9a844b9519ce320b855c643e70"},"headline":"Inteligentna intralogistyka \u2013 Industry 4.0 w bran\u017cy FMCG","datePublished":"2024-08-23T09:27:42+00:00","dateModified":"2025-02-20T11:50:33+00:00","mainEntityOfPage":{"@id":"https:\/\/www.astor.com.pl\/biznes-i-produkcja\/inteligentna-intralogistyka-industry-4-0-w-branzy-fmcg\/"},"wordCount":965,"publisher":{"@id":"https:\/\/www.astor.com.pl\/biznes-i-produkcja\/#organization"},"image":{"@id":"https:\/\/www.astor.com.pl\/biznes-i-produkcja\/inteligentna-intralogistyka-industry-4-0-w-branzy-fmcg\/#primaryimage"},"thumbnailUrl":"https:\/\/www.astor.com.pl\/biznes-i-produkcja\/wp-content\/uploads\/2024\/08\/Astor-Colian-new-42-scaled.jpg","keywords":["Intralogistyka","Przemys\u0142 4.0"],"articleSection":["Historie sukcesu","Tre\u015bci"],"inLanguage":"pl-PL"},{"@type":"WebPage","@id":"https:\/\/www.astor.com.pl\/biznes-i-produkcja\/inteligentna-intralogistyka-industry-4-0-w-branzy-fmcg\/","url":"https:\/\/www.astor.com.pl\/biznes-i-produkcja\/inteligentna-intralogistyka-industry-4-0-w-branzy-fmcg\/","name":"Inteligentna intralogistyka \u2013 Industry 4.0 w bran\u017cy FMCG | Biznes i Produkcja","isPartOf":{"@id":"https:\/\/www.astor.com.pl\/biznes-i-produkcja\/#website"},"primaryImageOfPage":{"@id":"https:\/\/www.astor.com.pl\/biznes-i-produkcja\/inteligentna-intralogistyka-industry-4-0-w-branzy-fmcg\/#primaryimage"},"image":{"@id":"https:\/\/www.astor.com.pl\/biznes-i-produkcja\/inteligentna-intralogistyka-industry-4-0-w-branzy-fmcg\/#primaryimage"},"thumbnailUrl":"https:\/\/www.astor.com.pl\/biznes-i-produkcja\/wp-content\/uploads\/2024\/08\/Astor-Colian-new-42-scaled.jpg","datePublished":"2024-08-23T09:27:42+00:00","dateModified":"2025-02-20T11:50:33+00:00","breadcrumb":{"@id":"https:\/\/www.astor.com.pl\/biznes-i-produkcja\/inteligentna-intralogistyka-industry-4-0-w-branzy-fmcg\/#breadcrumb"},"inLanguage":"pl-PL","potentialAction":[{"@type":"ReadAction","target":["https:\/\/www.astor.com.pl\/biznes-i-produkcja\/inteligentna-intralogistyka-industry-4-0-w-branzy-fmcg\/"]}]},{"@type":"ImageObject","inLanguage":"pl-PL","@id":"https:\/\/www.astor.com.pl\/biznes-i-produkcja\/inteligentna-intralogistyka-industry-4-0-w-branzy-fmcg\/#primaryimage","url":"https:\/\/www.astor.com.pl\/biznes-i-produkcja\/wp-content\/uploads\/2024\/08\/Astor-Colian-new-42-scaled.jpg","contentUrl":"https:\/\/www.astor.com.pl\/biznes-i-produkcja\/wp-content\/uploads\/2024\/08\/Astor-Colian-new-42-scaled.jpg","width":2560,"height":1440},{"@type":"BreadcrumbList","@id":"https:\/\/www.astor.com.pl\/biznes-i-produkcja\/inteligentna-intralogistyka-industry-4-0-w-branzy-fmcg\/#breadcrumb","itemListElement":[{"@type":"ListItem","position":1,"name":"Historie sukcesu","item":"https:\/\/www.astor.com.pl\/biznes-i-produkcja\/kategoria\/historie-sukcesu\/"},{"@type":"ListItem","position":2,"name":"Inteligentna intralogistyka \u2013 Industry 4.0 w bran\u017cy FMCG"}]},{"@type":"WebSite","@id":"https:\/\/www.astor.com.pl\/biznes-i-produkcja\/#website","url":"https:\/\/www.astor.com.pl\/biznes-i-produkcja\/","name":"Biznes i Produkcja","description":"Praktyczne aspekty transformacji do przemys\u0142u przysz\u0142o\u015bci","publisher":{"@id":"https:\/\/www.astor.com.pl\/biznes-i-produkcja\/#organization"},"potentialAction":[{"@type":"SearchAction","target":{"@type":"EntryPoint","urlTemplate":"https:\/\/www.astor.com.pl\/biznes-i-produkcja\/?s={search_term_string}"},"query-input":{"@type":"PropertyValueSpecification","valueRequired":true,"valueName":"search_term_string"}}],"inLanguage":"pl-PL"},{"@type":"Organization","@id":"https:\/\/www.astor.com.pl\/biznes-i-produkcja\/#organization","name":"ASTOR | gdzie technologia spotyka cz\u0142owieka","alternateName":"ASTOR","url":"https:\/\/www.astor.com.pl\/biznes-i-produkcja\/","logo":{"@type":"ImageObject","inLanguage":"pl-PL","@id":"https:\/\/www.astor.com.pl\/biznes-i-produkcja\/#\/schema\/logo\/image\/","url":"https:\/\/www.astor.com.pl\/biznes-i-produkcja\/wp-content\/uploads\/2017\/06\/ASTOR_logo.jpg","contentUrl":"https:\/\/www.astor.com.pl\/biznes-i-produkcja\/wp-content\/uploads\/2017\/06\/ASTOR_logo.jpg","width":185,"height":60,"caption":"ASTOR | gdzie technologia spotyka cz\u0142owieka"},"image":{"@id":"https:\/\/www.astor.com.pl\/biznes-i-produkcja\/#\/schema\/logo\/image\/"},"sameAs":["https:\/\/www.facebook.com\/ASTOR.automatyzacja"]},{"@type":"Person","@id":"https:\/\/www.astor.com.pl\/biznes-i-produkcja\/#\/schema\/person\/2e3fcc9a844b9519ce320b855c643e70","name":"Bart\u0142omiej Ka\u0142u\u017ca","image":{"@type":"ImageObject","inLanguage":"pl-PL","@id":"https:\/\/www.astor.com.pl\/biznes-i-produkcja\/wp-content\/uploads\/2024\/08\/cropped-Prof_272413-96x96.jpg","url":"https:\/\/www.astor.com.pl\/biznes-i-produkcja\/wp-content\/uploads\/2024\/08\/cropped-Prof_272413-96x96.jpg","contentUrl":"https:\/\/www.astor.com.pl\/biznes-i-produkcja\/wp-content\/uploads\/2024\/08\/cropped-Prof_272413-96x96.jpg","caption":"Bart\u0142omiej Ka\u0142u\u017ca"},"description":"Starszy Specjalista ds. Przygotowania Projekt\u00f3w w Linii Biznesowej Intralogistyka w ASTOR","url":"https:\/\/www.astor.com.pl\/biznes-i-produkcja\/author\/b-kaluza\/"}]}},"_links":{"self":[{"href":"https:\/\/www.astor.com.pl\/biznes-i-produkcja\/wp-json\/wp\/v2\/posts\/8590","targetHints":{"allow":["GET"]}}],"collection":[{"href":"https:\/\/www.astor.com.pl\/biznes-i-produkcja\/wp-json\/wp\/v2\/posts"}],"about":[{"href":"https:\/\/www.astor.com.pl\/biznes-i-produkcja\/wp-json\/wp\/v2\/types\/post"}],"author":[{"embeddable":true,"href":"https:\/\/www.astor.com.pl\/biznes-i-produkcja\/wp-json\/wp\/v2\/users\/87"}],"replies":[{"embeddable":true,"href":"https:\/\/www.astor.com.pl\/biznes-i-produkcja\/wp-json\/wp\/v2\/comments?post=8590"}],"version-history":[{"count":3,"href":"https:\/\/www.astor.com.pl\/biznes-i-produkcja\/wp-json\/wp\/v2\/posts\/8590\/revisions"}],"predecessor-version":[{"id":8606,"href":"https:\/\/www.astor.com.pl\/biznes-i-produkcja\/wp-json\/wp\/v2\/posts\/8590\/revisions\/8606"}],"wp:featuredmedia":[{"embeddable":true,"href":"https:\/\/www.astor.com.pl\/biznes-i-produkcja\/wp-json\/wp\/v2\/media\/8594"}],"wp:attachment":[{"href":"https:\/\/www.astor.com.pl\/biznes-i-produkcja\/wp-json\/wp\/v2\/media?parent=8590"}],"wp:term":[{"taxonomy":"category","embeddable":true,"href":"https:\/\/www.astor.com.pl\/biznes-i-produkcja\/wp-json\/wp\/v2\/categories?post=8590"},{"taxonomy":"post_tag","embeddable":true,"href":"https:\/\/www.astor.com.pl\/biznes-i-produkcja\/wp-json\/wp\/v2\/tags?post=8590"}],"curies":[{"name":"wp","href":"https:\/\/api.w.org\/{rel}","templated":true}]}}