{"id":8389,"date":"2024-05-20T12:26:19","date_gmt":"2024-05-20T10:26:19","guid":{"rendered":"https:\/\/www.astor.com.pl\/biznes-i-produkcja\/?p=8389"},"modified":"2024-05-20T12:26:22","modified_gmt":"2024-05-20T10:26:22","slug":"dekada-przemyslu-4-0-transformacje-wyzwania-perspektywy","status":"publish","type":"post","link":"https:\/\/www.astor.com.pl\/biznes-i-produkcja\/dekada-przemyslu-4-0-transformacje-wyzwania-perspektywy\/","title":{"rendered":"Dekada Przemys\u0142u 4.0: transformacje, wyzwania, perspektywy"},"content":{"rendered":"\n<h2 class=\"wp-block-heading\"><strong>Ewolucja Technologii<\/strong><\/h2>\n\n\n\n<p>Termin <strong>Przemys\u0142 4.0<\/strong> (w oryginale <em>Idustrie 4.0<\/em>) zosta\u0142 po raz pierwszy u\u017cyty w czasie targ\u00f3w w Hannowerze w 2011. Po wypracowaniu szczeg\u00f3\u0142owych rekomendacji, trafi\u0142 do masowej \u015bwiadomo\u015bci w roku 2014 podczas \u015awiatowego Forum Ekonomicznego oraz mi\u0119dzynarodowych targ\u00f3w przemys\u0142owych Hanover Messe. Mo\u017cna wi\u0119c umownie przyj\u0105\u0107, \u017ce ju\u017c od dekady koncepcja Przemys\u0142u 4.0 aktywnie przeobra\u017ca \u015bwiat technologii wytw\u00f3rczych. Podczas <a href=\"https:\/\/itm-europe.pl\/pl\/\">I<strong>TM Industry Europe<\/strong><\/a>, imprezy odbywaj\u0105cej si\u0119 <strong>w dniach 4-7 czerwca <\/strong>na terenie Mi\u0119dzynarodowych Targ\u00f3w Pozna\u0144skich, b\u0119dzie mo\u017cna zobaczy\u0107, gdzie Przemys\u0142 4.0 jest dzisiaj i gdzie b\u0119dzie w najbli\u017cszej przysz\u0142o\u015bci.<\/p>\n\n\n\n<p>Pierwsze lata ery Przemys\u0142u 4.0 by\u0142y okresem intensywnego rozwoju technologicznego. Wprowadzenie do hal fabrycznych Internetu Rzeczy (IoT), sztucznej inteligencji (AI), zaawansowanej robotyki w tym robot\u00f3w wsp\u00f3\u0142pracuj\u0105cych z lud\u017ami (<a href=\"https:\/\/www.astor.com.pl\/biznes-i-produkcja\/coboty-wspolpraca-czlowieka-z-robotem-jakiej-jeszcze-nie-bylo\/\">cobot\u00f3w<\/a>), analizy du\u017cych zbior\u00f3w danych oraz druku 3D sta\u0142o si\u0119 fundamentem dla nowej jako\u015bci w produkcji i zarz\u0105dzaniu. <strong>Wydajno\u015b\u0107, elastyczno\u015b\u0107 i jako\u015b\u0107 proces\u00f3w produkcyjnych znacz\u0105co wzros\u0142y dzi\u0119ki automatyzacji i optymalizacji<\/strong>. To z kolei coraz cz\u0119\u015bciej zacz\u0119\u0142o przek\u0142ada\u0107 si\u0119 na wyniki finansowe przedsi\u0119biorstw. Co wi\u0119cej, dla firm uzbrojonych w rozwi\u0105zania spod znaku Przemys\u0142u 4.0, czasy kryzys\u00f3w (Covid-19, wojna w Ukrainie) okaza\u0142y si\u0119 mniej dotkliwe ni\u017c w przypadku pozosta\u0142ych przedsi\u0119biorstw.<\/p>\n\n\n\n<h2 class=\"wp-block-heading\"><strong>Przemys\u0142 Inteligentny i Cyfrowy<\/strong><\/h2>\n\n\n\n<p>Koncepcja Przemys\u0142u 4.0 zak\u0142ada, \u017ce <strong>rozmaite systemy cyfrowe komunikuj\u0105 si\u0119 i wsp\u00f3\u0142pracuj\u0105 w czasie rzeczywistym.<\/strong> To ju\u017c nie tylko koncepcja, ale coraz cz\u0119\u015bciej codzienno\u015b\u0107 wielu zak\u0142ad\u00f3w wytw\u00f3rczych. Inteligentne maszyny i urz\u0105dzenia skomunikowane ze sob\u0105 umo\u017cliwiaj\u0105 produkcj\u0119 na \u017c\u0105danie, minimalizuj\u0105c odpady i koszty. Mo\u017cliwe jest szybkie przezbrajanie linii produkcyjnych i wytwarzanie kr\u00f3tkich serii produkt\u00f3w, co pozwala nad\u0105\u017cy\u0107 za zmieniaj\u0105cymi si\u0119 potrzebami klient\u00f3w. Dodatkowo inteligentne systemy umo\u017cliwiaj\u0105 ograniczenie koszt\u00f3w napraw i przestoj\u00f3w przewiduj\u0105c incydenty i pozwalaj\u0105c zastosowa\u0107 \u015brodki zapobiegawcze zanim one nast\u0105pi\u0105. Systemy monitoruj\u0105ce zapewniaj\u0105 pe\u0142n\u0105 transparentno\u015b\u0107 proces\u00f3w, umo\u017cliwiaj\u0105c szybkie reagowanie na ewentualne problemy.<\/p>\n\n\n\n<figure class=\"wp-block-image size-large\"><img loading=\"lazy\" decoding=\"async\" width=\"1200\" height=\"675\" src=\"https:\/\/www.astor.com.pl\/biznes-i-produkcja\/wp-content\/uploads\/2024\/05\/Obrazki-do-BIP-29-1200x675.png\" alt=\"\" class=\"wp-image-8392\" srcset=\"https:\/\/www.astor.com.pl\/biznes-i-produkcja\/wp-content\/uploads\/2024\/05\/Obrazki-do-BIP-29-1200x675.png 1200w, https:\/\/www.astor.com.pl\/biznes-i-produkcja\/wp-content\/uploads\/2024\/05\/Obrazki-do-BIP-29-744x419.png 744w, https:\/\/www.astor.com.pl\/biznes-i-produkcja\/wp-content\/uploads\/2024\/05\/Obrazki-do-BIP-29-420x236.png 420w, https:\/\/www.astor.com.pl\/biznes-i-produkcja\/wp-content\/uploads\/2024\/05\/Obrazki-do-BIP-29-768x432.png 768w, https:\/\/www.astor.com.pl\/biznes-i-produkcja\/wp-content\/uploads\/2024\/05\/Obrazki-do-BIP-29-1536x864.png 1536w, https:\/\/www.astor.com.pl\/biznes-i-produkcja\/wp-content\/uploads\/2024\/05\/Obrazki-do-BIP-29.png 1920w\" sizes=\"auto, (max-width: 1200px) 100vw, 1200px\" \/><\/figure>\n\n\n\n<h2 class=\"wp-block-heading\"><strong>Transformacja \u015brodowiska pracy<\/strong><\/h2>\n\n\n\n<p>Przemys\u0142 4.0 nie tylko zmieni\u0142 spos\u00f3b produkcji, ale tak\u017ce <strong>przekszta\u0142ci\u0142 \u015brodowisko pracy<\/strong>. Ludzie pracuj\u0105 teraz obok robot\u00f3w, kt\u00f3re wspomagaj\u0105 ich w codziennych zadaniach. Umiej\u0119tno\u015bci cyfrowe sta\u0142y si\u0119 kluczowe, a kadra zarz\u0105dzaj\u0105ca musia\u0142a dostosowa\u0107 si\u0119 do nowej rzeczywisto\u015bci, opartej na analizie danych i podejmowaniu decyzji wspieranych przez sztuczn\u0105 inteligencj\u0119. Tak jak w przypadku wielu rewolucyjnych zmian pocz\u0105tkowo pojawi\u0142y si\u0119 obawy, \u017ce zautomatyzowane systemy b\u0119d\u0105 wypiera\u0107 ludzi z rynku pracy. Okaza\u0142o si\u0119 jednak, \u017ce ze wzgl\u0119du na pewne trendy demograficzne i brak pracownik\u00f3w, technologia okaza\u0142a si\u0119 raczej wybawieniem ni\u017c zagro\u017ceniem.<\/p>\n\n\n\n<h2 class=\"wp-block-heading\"><strong>Wyzwania i Bariery<\/strong><\/h2>\n\n\n\n<p>Mimo znacz\u0105cych korzy\u015bci, Przemys\u0142 4.0 stawia r\u00f3wnie\u017c przed nami wiele wyzwa\u0144. Gdy maszyny i systemy s\u0105 po\u0142\u0105czone w sieci, problemem mo\u017ce by\u0107 zapewnienie bezpiecze\u0144stwa cybernetycznego. Ponadto, automatyzacja sprawia, \u017ce firmy chc\u0105c zapewni\u0107 kadry do obs\u0142ugi nowych rozwi\u0105za\u0144 nowoczesne przedsi\u0119biorstwa musz\u0105 stawia\u0107 na rozbudowane programy szkoleniowe.<\/p>\n\n\n\n<figure class=\"wp-block-embed aligncenter is-type-video is-provider-youtube wp-block-embed-youtube wp-embed-aspect-16-9 wp-has-aspect-ratio\"><div class=\"wp-block-embed__wrapper\">\n<iframe loading=\"lazy\" title=\"ASTOR - zaufany dostawca inteligentnych technologii dla przemys\u0142u\" width=\"500\" height=\"281\" src=\"https:\/\/www.youtube.com\/embed\/M03oIl-jFic?feature=oembed\" frameborder=\"0\" allow=\"accelerometer; autoplay; clipboard-write; encrypted-media; gyroscope; picture-in-picture; web-share\" referrerpolicy=\"strict-origin-when-cross-origin\" allowfullscreen><\/iframe>\n<\/div><\/figure>\n\n\n\n<h2 class=\"wp-block-heading\"><strong>Perspektywy na przysz\u0142o\u015b\u0107<\/strong><\/h2>\n\n\n\n<p>Nadchodz\u0105ce lata przynios\u0105 z pewno\u015bci\u0105 kolejne innowacje i wyzwania. <strong>Rozw\u00f3j sztucznej inteligencji, dalsza integracja system\u00f3w oraz rosn\u0105ce znaczenie zr\u00f3wnowa\u017conego rozwoju b\u0119d\u0105 kszta\u0142towa\u0107 Przemys\u0142 4.0.<\/strong> Przed nami dalsze poszukiwanie optymalizacji, elastyczno\u015bci i minimalizacji wp\u0142ywu na \u015brodowisko naturalne. Jednak\u017ce, aby osi\u0105gn\u0105\u0107 pe\u0142ny potencja\u0142 tej rewolucji, konieczne jest ci\u0105g\u0142e dostosowywanie si\u0119 i innowacje, zar\u00f3wno technologiczne, jak i organizacyjne.<\/p>\n\n\n\n<p>Targi <a href=\"https:\/\/itm-europe.pl\/pl\/\">ITM Industry Europe<\/a> pozwalaj\u0105 spojrze\u0107 na obecny kszta\u0142t bran\u017cy przemys\u0142owej i otwieraj\u0105ce si\u0119 przed ni\u0105 perspektywy. To szczeg\u00f3lna impreza bran\u017cowa, integruj\u0105ca firmy z Europy \u015brodkowej, pozwalaj\u0105ca liderom z bran\u017cy przemys\u0142owej wymienia\u0107 do\u015bwiadczenia i transferowa\u0107 wiedz\u0119 do rynku.\u00a0<\/p>\n\n\n\n<p>Na targach ITM od lat \u015bledzi si\u0119 \u015bwiatowe trendy w przemy\u015ble. W tym roku \u015bwiatowej klasy wystawcy z zakresu obr\u00f3bki metali, rozwi\u0105za\u0144 dla produkcji, automatyzacji i robotyzacji szykuj\u0105 nowoczesne maszyny, technologie oraz premierowe rozwi\u0105zania. Has\u0142o: I<strong>nnowacje, Technologie i Maszyny<\/strong> czyli w skr\u00f3cie ITM w pe\u0142ni oddaje ducha targ\u00f3w ITM INDUSTRY EUROPE. Tutaj inwestorzy przyje\u017cd\u017caj\u0105 zobaczy\u0107 zrobotyzowane stanowiska pracy i technologiczne nowinki oraz sprawdzi\u0107 jak mog\u0105 wykorzysta\u0107 je w swoich firmach. Dzi\u0119ki interaktywnej ekspozycji wystawc\u00f3w targi b\u0119d\u0105 pulsowa\u0107 \u017cyciem. W pawilonach powstan\u0105 sceny dla pokaz\u00f3w, konkurs\u00f3w i gor\u0105cych debat. B\u0119dzie du\u017co praktyki i prezentacji sprawdzonych rozwi\u0105za\u0144. R\u00f3wnolegle odbywa\u0107 si\u0119 b\u0119d\u0105 targi Kooperacji Przemys\u0142owej Subcontracting oraz Targi Logistyki i Magazynowania MODERNLOG.\u201d<\/p>\n\n\n<div class=\"wp-block-image\">\n<figure class=\"aligncenter size-full is-resized\"><a href=\"https:\/\/www.astor.com.pl\/o-nas\/artykuly\/centrum-prasowe\/11004-inteligentne-technologie-4-0-w-nowosciach-od-astor-na-targach-itm-industry-europe-2024.html\"><img loading=\"lazy\" decoding=\"async\" width=\"1920\" height=\"1080\" src=\"https:\/\/www.astor.com.pl\/biznes-i-produkcja\/wp-content\/uploads\/2024\/05\/Technologie-Przemyslu-4.0-od-ASTOR-11.png\" alt=\"\" class=\"wp-image-8395\" style=\"width:633px;height:auto\" srcset=\"https:\/\/www.astor.com.pl\/biznes-i-produkcja\/wp-content\/uploads\/2024\/05\/Technologie-Przemyslu-4.0-od-ASTOR-11.png 1920w, https:\/\/www.astor.com.pl\/biznes-i-produkcja\/wp-content\/uploads\/2024\/05\/Technologie-Przemyslu-4.0-od-ASTOR-11-744x419.png 744w, https:\/\/www.astor.com.pl\/biznes-i-produkcja\/wp-content\/uploads\/2024\/05\/Technologie-Przemyslu-4.0-od-ASTOR-11-1200x675.png 1200w, https:\/\/www.astor.com.pl\/biznes-i-produkcja\/wp-content\/uploads\/2024\/05\/Technologie-Przemyslu-4.0-od-ASTOR-11-420x236.png 420w, https:\/\/www.astor.com.pl\/biznes-i-produkcja\/wp-content\/uploads\/2024\/05\/Technologie-Przemyslu-4.0-od-ASTOR-11-768x432.png 768w, https:\/\/www.astor.com.pl\/biznes-i-produkcja\/wp-content\/uploads\/2024\/05\/Technologie-Przemyslu-4.0-od-ASTOR-11-1536x864.png 1536w\" sizes=\"auto, (max-width: 1920px) 100vw, 1920px\" \/><\/a><\/figure>\n<\/div>\n\n\n<p><strong>Zach\u0119camy do uczestnictwa i do odwiedzenia stanowiska ASTOR w hali 5, pod numerem 30.<\/strong><\/p>\n\n\n\n<div class=\"wp-block-buttons is-content-justification-center is-layout-flex wp-container-core-buttons-is-layout-16018d1d wp-block-buttons-is-layout-flex\">\n<div class=\"wp-block-button\"><a class=\"wp-block-button__link has-background wp-element-button\" href=\"https:\/\/www.astor.com.pl\/o-nas\/artykuly\/centrum-prasowe\/11004-inteligentne-technologie-4-0-w-nowosciach-od-astor-na-targach-itm-industry-europe-2024.html\" style=\"background-color:#00965a\">Dowiedz si\u0119 wi\u0119cej!<\/a><\/div>\n<\/div>\n\n\n\n<p><\/p>\n","protected":false},"excerpt":{"rendered":"<p><strong>W ci\u0105gu dziesi\u0119ciu lat dzi\u0119ki koncepcji Przemys\u0142u 4.0, \u015bwiat do\u015bwiadczy\u0142 rewolucyjnych przeobra\u017ce\u0144 w obszarze produkcji i zarz\u0105dzania ni\u0105. ITM Industry Europe pozwoli zobaczy\u0107, w kt\u00f3r\u0105 stron\u0119 p\u00f3jd\u0105 dalsze zmiany.\u00a0<\/strong><\/p>\n","protected":false},"author":55,"featured_media":8393,"comment_status":"closed","ping_status":"closed","sticky":false,"template":"","format":"standard","meta":{"_acf_changed":false,"inline_featured_image":false,"footnotes":""},"categories":[525],"tags":[110],"class_list":["post-8389","post","type-post","status-publish","format-standard","has-post-thumbnail","hentry","category-tresci","tag-przemysl-4-0"],"acf":[],"yoast_head":"<!-- This site is optimized with the Yoast SEO plugin v27.3 - https:\/\/yoast.com\/product\/yoast-seo-wordpress\/ -->\r\n<title>Dekada Przemys\u0142u 4.0: transformacje, wyzwania, perspektywy | Biznes i Produkcja<\/title>\r\n<meta name=\"robots\" content=\"index, follow, max-snippet:-1, max-image-preview:large, max-video-preview:-1\" \/>\r\n<link rel=\"canonical\" href=\"https:\/\/www.astor.com.pl\/biznes-i-produkcja\/dekada-przemyslu-4-0-transformacje-wyzwania-perspektywy\/\" \/>\r\n<meta property=\"og:locale\" content=\"pl_PL\" \/>\r\n<meta property=\"og:type\" content=\"article\" \/>\r\n<meta property=\"og:title\" content=\"Dekada Przemys\u0142u 4.0: transformacje, wyzwania, perspektywy | Biznes i Produkcja\" \/>\r\n<meta property=\"og:description\" content=\"W ci\u0105gu dziesi\u0119ciu lat dzi\u0119ki koncepcji Przemys\u0142u 4.0, \u015bwiat do\u015bwiadczy\u0142 rewolucyjnych przeobra\u017ce\u0144 w obszarze produkcji i zarz\u0105dzania ni\u0105. ITM Industry Europe pozwoli zobaczy\u0107, w kt\u00f3r\u0105 stron\u0119 p\u00f3jd\u0105 dalsze zmiany.\u00a0\" \/>\r\n<meta property=\"og:url\" content=\"https:\/\/www.astor.com.pl\/biznes-i-produkcja\/dekada-przemyslu-4-0-transformacje-wyzwania-perspektywy\/\" \/>\r\n<meta property=\"og:site_name\" content=\"Biznes i Produkcja\" \/>\r\n<meta property=\"article:publisher\" content=\"https:\/\/www.facebook.com\/ASTOR.automatyzacja\" \/>\r\n<meta property=\"article:published_time\" content=\"2024-05-20T10:26:19+00:00\" \/>\r\n<meta property=\"article:modified_time\" content=\"2024-05-20T10:26:22+00:00\" \/>\r\n<meta property=\"og:image\" content=\"https:\/\/www.astor.com.pl\/biznes-i-produkcja\/wp-content\/uploads\/2024\/05\/Obrazki-do-BIP-30-1200x675.png\" \/>\r\n\t<meta property=\"og:image:width\" content=\"1200\" \/>\r\n\t<meta property=\"og:image:height\" content=\"675\" \/>\r\n\t<meta property=\"og:image:type\" content=\"image\/png\" \/>\r\n<meta name=\"author\" content=\"Pawe\u0142 G\u00f3recki\" \/>\r\n<meta name=\"twitter:card\" content=\"summary_large_image\" \/>\r\n<meta name=\"twitter:label1\" content=\"Napisane przez\" \/>\n\t<meta name=\"twitter:data1\" content=\"Pawe\u0142 G\u00f3recki\" \/>\n\t<meta name=\"twitter:label2\" content=\"Szacowany czas czytania\" \/>\n\t<meta name=\"twitter:data2\" content=\"5 minut\" \/>\r\n<script type=\"application\/ld+json\" class=\"yoast-schema-graph\">{\"@context\":\"https:\\\/\\\/schema.org\",\"@graph\":[{\"@type\":\"Article\",\"@id\":\"https:\\\/\\\/www.astor.com.pl\\\/biznes-i-produkcja\\\/dekada-przemyslu-4-0-transformacje-wyzwania-perspektywy\\\/#article\",\"isPartOf\":{\"@id\":\"https:\\\/\\\/www.astor.com.pl\\\/biznes-i-produkcja\\\/dekada-przemyslu-4-0-transformacje-wyzwania-perspektywy\\\/\"},\"author\":{\"name\":\"Pawe\u0142 G\u00f3recki\",\"@id\":\"https:\\\/\\\/www.astor.com.pl\\\/biznes-i-produkcja\\\/#\\\/schema\\\/person\\\/6bb5ac11b70dbbe59a16108396e9ebd8\"},\"headline\":\"Dekada Przemys\u0142u 4.0: transformacje, wyzwania, perspektywy\",\"datePublished\":\"2024-05-20T10:26:19+00:00\",\"dateModified\":\"2024-05-20T10:26:22+00:00\",\"mainEntityOfPage\":{\"@id\":\"https:\\\/\\\/www.astor.com.pl\\\/biznes-i-produkcja\\\/dekada-przemyslu-4-0-transformacje-wyzwania-perspektywy\\\/\"},\"wordCount\":802,\"publisher\":{\"@id\":\"https:\\\/\\\/www.astor.com.pl\\\/biznes-i-produkcja\\\/#organization\"},\"image\":{\"@id\":\"https:\\\/\\\/www.astor.com.pl\\\/biznes-i-produkcja\\\/dekada-przemyslu-4-0-transformacje-wyzwania-perspektywy\\\/#primaryimage\"},\"thumbnailUrl\":\"https:\\\/\\\/www.astor.com.pl\\\/biznes-i-produkcja\\\/wp-content\\\/uploads\\\/2024\\\/05\\\/Obrazki-do-BIP-30.png\",\"keywords\":[\"Przemys\u0142 4.0\"],\"articleSection\":[\"Tre\u015bci\"],\"inLanguage\":\"pl-PL\"},{\"@type\":\"WebPage\",\"@id\":\"https:\\\/\\\/www.astor.com.pl\\\/biznes-i-produkcja\\\/dekada-przemyslu-4-0-transformacje-wyzwania-perspektywy\\\/\",\"url\":\"https:\\\/\\\/www.astor.com.pl\\\/biznes-i-produkcja\\\/dekada-przemyslu-4-0-transformacje-wyzwania-perspektywy\\\/\",\"name\":\"Dekada Przemys\u0142u 4.0: transformacje, wyzwania, perspektywy | Biznes i Produkcja\",\"isPartOf\":{\"@id\":\"https:\\\/\\\/www.astor.com.pl\\\/biznes-i-produkcja\\\/#website\"},\"primaryImageOfPage\":{\"@id\":\"https:\\\/\\\/www.astor.com.pl\\\/biznes-i-produkcja\\\/dekada-przemyslu-4-0-transformacje-wyzwania-perspektywy\\\/#primaryimage\"},\"image\":{\"@id\":\"https:\\\/\\\/www.astor.com.pl\\\/biznes-i-produkcja\\\/dekada-przemyslu-4-0-transformacje-wyzwania-perspektywy\\\/#primaryimage\"},\"thumbnailUrl\":\"https:\\\/\\\/www.astor.com.pl\\\/biznes-i-produkcja\\\/wp-content\\\/uploads\\\/2024\\\/05\\\/Obrazki-do-BIP-30.png\",\"datePublished\":\"2024-05-20T10:26:19+00:00\",\"dateModified\":\"2024-05-20T10:26:22+00:00\",\"breadcrumb\":{\"@id\":\"https:\\\/\\\/www.astor.com.pl\\\/biznes-i-produkcja\\\/dekada-przemyslu-4-0-transformacje-wyzwania-perspektywy\\\/#breadcrumb\"},\"inLanguage\":\"pl-PL\",\"potentialAction\":[{\"@type\":\"ReadAction\",\"target\":[\"https:\\\/\\\/www.astor.com.pl\\\/biznes-i-produkcja\\\/dekada-przemyslu-4-0-transformacje-wyzwania-perspektywy\\\/\"]}]},{\"@type\":\"ImageObject\",\"inLanguage\":\"pl-PL\",\"@id\":\"https:\\\/\\\/www.astor.com.pl\\\/biznes-i-produkcja\\\/dekada-przemyslu-4-0-transformacje-wyzwania-perspektywy\\\/#primaryimage\",\"url\":\"https:\\\/\\\/www.astor.com.pl\\\/biznes-i-produkcja\\\/wp-content\\\/uploads\\\/2024\\\/05\\\/Obrazki-do-BIP-30.png\",\"contentUrl\":\"https:\\\/\\\/www.astor.com.pl\\\/biznes-i-produkcja\\\/wp-content\\\/uploads\\\/2024\\\/05\\\/Obrazki-do-BIP-30.png\",\"width\":1920,\"height\":1080},{\"@type\":\"BreadcrumbList\",\"@id\":\"https:\\\/\\\/www.astor.com.pl\\\/biznes-i-produkcja\\\/dekada-przemyslu-4-0-transformacje-wyzwania-perspektywy\\\/#breadcrumb\",\"itemListElement\":[{\"@type\":\"ListItem\",\"position\":1,\"name\":\"Tre\u015bci\",\"item\":\"https:\\\/\\\/www.astor.com.pl\\\/biznes-i-produkcja\\\/kategoria\\\/tresci\\\/\"},{\"@type\":\"ListItem\",\"position\":2,\"name\":\"Dekada Przemys\u0142u 4.0: transformacje, wyzwania, perspektywy\"}]},{\"@type\":\"WebSite\",\"@id\":\"https:\\\/\\\/www.astor.com.pl\\\/biznes-i-produkcja\\\/#website\",\"url\":\"https:\\\/\\\/www.astor.com.pl\\\/biznes-i-produkcja\\\/\",\"name\":\"Biznes i Produkcja\",\"description\":\"Praktyczne aspekty transformacji do przemys\u0142u przysz\u0142o\u015bci\",\"publisher\":{\"@id\":\"https:\\\/\\\/www.astor.com.pl\\\/biznes-i-produkcja\\\/#organization\"},\"potentialAction\":[{\"@type\":\"SearchAction\",\"target\":{\"@type\":\"EntryPoint\",\"urlTemplate\":\"https:\\\/\\\/www.astor.com.pl\\\/biznes-i-produkcja\\\/?s={search_term_string}\"},\"query-input\":{\"@type\":\"PropertyValueSpecification\",\"valueRequired\":true,\"valueName\":\"search_term_string\"}}],\"inLanguage\":\"pl-PL\"},{\"@type\":\"Organization\",\"@id\":\"https:\\\/\\\/www.astor.com.pl\\\/biznes-i-produkcja\\\/#organization\",\"name\":\"ASTOR | gdzie technologia spotyka cz\u0142owieka\",\"alternateName\":\"ASTOR\",\"url\":\"https:\\\/\\\/www.astor.com.pl\\\/biznes-i-produkcja\\\/\",\"logo\":{\"@type\":\"ImageObject\",\"inLanguage\":\"pl-PL\",\"@id\":\"https:\\\/\\\/www.astor.com.pl\\\/biznes-i-produkcja\\\/#\\\/schema\\\/logo\\\/image\\\/\",\"url\":\"https:\\\/\\\/www.astor.com.pl\\\/biznes-i-produkcja\\\/wp-content\\\/uploads\\\/2017\\\/06\\\/ASTOR_logo.jpg\",\"contentUrl\":\"https:\\\/\\\/www.astor.com.pl\\\/biznes-i-produkcja\\\/wp-content\\\/uploads\\\/2017\\\/06\\\/ASTOR_logo.jpg\",\"width\":185,\"height\":60,\"caption\":\"ASTOR | gdzie technologia spotyka cz\u0142owieka\"},\"image\":{\"@id\":\"https:\\\/\\\/www.astor.com.pl\\\/biznes-i-produkcja\\\/#\\\/schema\\\/logo\\\/image\\\/\"},\"sameAs\":[\"https:\\\/\\\/www.facebook.com\\\/ASTOR.automatyzacja\"]},{\"@type\":\"Person\",\"@id\":\"https:\\\/\\\/www.astor.com.pl\\\/biznes-i-produkcja\\\/#\\\/schema\\\/person\\\/6bb5ac11b70dbbe59a16108396e9ebd8\",\"name\":\"Pawe\u0142 G\u00f3recki\",\"image\":{\"@type\":\"ImageObject\",\"inLanguage\":\"pl-PL\",\"@id\":\"https:\\\/\\\/www.astor.com.pl\\\/biznes-i-produkcja\\\/wp-content\\\/uploads\\\/2023\\\/04\\\/cropped-pawel_gorecki_astor-1-96x96.webp\",\"url\":\"https:\\\/\\\/www.astor.com.pl\\\/biznes-i-produkcja\\\/wp-content\\\/uploads\\\/2023\\\/04\\\/cropped-pawel_gorecki_astor-1-96x96.webp\",\"contentUrl\":\"https:\\\/\\\/www.astor.com.pl\\\/biznes-i-produkcja\\\/wp-content\\\/uploads\\\/2023\\\/04\\\/cropped-pawel_gorecki_astor-1-96x96.webp\",\"caption\":\"Pawe\u0142 G\u00f3recki\"},\"description\":\"Redaktor naczelny Biznes i Produkcja. Interesuje si\u0119 zjawiskami na styku nowych technologii, biznesu i trend\u00f3w spo\u0142ecznych.\",\"sameAs\":[\"michalz\"],\"url\":\"https:\\\/\\\/www.astor.com.pl\\\/biznes-i-produkcja\\\/author\\\/pawelgo\\\/\"}]}<\/script>\r\n<!-- \/ Yoast SEO plugin. -->","yoast_head_json":{"title":"Dekada Przemys\u0142u 4.0: transformacje, wyzwania, perspektywy | Biznes i Produkcja","robots":{"index":"index","follow":"follow","max-snippet":"max-snippet:-1","max-image-preview":"max-image-preview:large","max-video-preview":"max-video-preview:-1"},"canonical":"https:\/\/www.astor.com.pl\/biznes-i-produkcja\/dekada-przemyslu-4-0-transformacje-wyzwania-perspektywy\/","og_locale":"pl_PL","og_type":"article","og_title":"Dekada Przemys\u0142u 4.0: transformacje, wyzwania, perspektywy | Biznes i Produkcja","og_description":"W ci\u0105gu dziesi\u0119ciu lat dzi\u0119ki koncepcji Przemys\u0142u 4.0, \u015bwiat do\u015bwiadczy\u0142 rewolucyjnych przeobra\u017ce\u0144 w obszarze produkcji i zarz\u0105dzania ni\u0105. ITM Industry Europe pozwoli zobaczy\u0107, w kt\u00f3r\u0105 stron\u0119 p\u00f3jd\u0105 dalsze zmiany.\u00a0","og_url":"https:\/\/www.astor.com.pl\/biznes-i-produkcja\/dekada-przemyslu-4-0-transformacje-wyzwania-perspektywy\/","og_site_name":"Biznes i Produkcja","article_publisher":"https:\/\/www.facebook.com\/ASTOR.automatyzacja","article_published_time":"2024-05-20T10:26:19+00:00","article_modified_time":"2024-05-20T10:26:22+00:00","og_image":[{"width":1200,"height":675,"url":"https:\/\/www.astor.com.pl\/biznes-i-produkcja\/wp-content\/uploads\/2024\/05\/Obrazki-do-BIP-30-1200x675.png","type":"image\/png"}],"author":"Pawe\u0142 G\u00f3recki","twitter_card":"summary_large_image","twitter_misc":{"Napisane przez":"Pawe\u0142 G\u00f3recki","Szacowany czas czytania":"5 minut"},"schema":{"@context":"https:\/\/schema.org","@graph":[{"@type":"Article","@id":"https:\/\/www.astor.com.pl\/biznes-i-produkcja\/dekada-przemyslu-4-0-transformacje-wyzwania-perspektywy\/#article","isPartOf":{"@id":"https:\/\/www.astor.com.pl\/biznes-i-produkcja\/dekada-przemyslu-4-0-transformacje-wyzwania-perspektywy\/"},"author":{"name":"Pawe\u0142 G\u00f3recki","@id":"https:\/\/www.astor.com.pl\/biznes-i-produkcja\/#\/schema\/person\/6bb5ac11b70dbbe59a16108396e9ebd8"},"headline":"Dekada Przemys\u0142u 4.0: transformacje, wyzwania, perspektywy","datePublished":"2024-05-20T10:26:19+00:00","dateModified":"2024-05-20T10:26:22+00:00","mainEntityOfPage":{"@id":"https:\/\/www.astor.com.pl\/biznes-i-produkcja\/dekada-przemyslu-4-0-transformacje-wyzwania-perspektywy\/"},"wordCount":802,"publisher":{"@id":"https:\/\/www.astor.com.pl\/biznes-i-produkcja\/#organization"},"image":{"@id":"https:\/\/www.astor.com.pl\/biznes-i-produkcja\/dekada-przemyslu-4-0-transformacje-wyzwania-perspektywy\/#primaryimage"},"thumbnailUrl":"https:\/\/www.astor.com.pl\/biznes-i-produkcja\/wp-content\/uploads\/2024\/05\/Obrazki-do-BIP-30.png","keywords":["Przemys\u0142 4.0"],"articleSection":["Tre\u015bci"],"inLanguage":"pl-PL"},{"@type":"WebPage","@id":"https:\/\/www.astor.com.pl\/biznes-i-produkcja\/dekada-przemyslu-4-0-transformacje-wyzwania-perspektywy\/","url":"https:\/\/www.astor.com.pl\/biznes-i-produkcja\/dekada-przemyslu-4-0-transformacje-wyzwania-perspektywy\/","name":"Dekada Przemys\u0142u 4.0: transformacje, wyzwania, perspektywy | Biznes i Produkcja","isPartOf":{"@id":"https:\/\/www.astor.com.pl\/biznes-i-produkcja\/#website"},"primaryImageOfPage":{"@id":"https:\/\/www.astor.com.pl\/biznes-i-produkcja\/dekada-przemyslu-4-0-transformacje-wyzwania-perspektywy\/#primaryimage"},"image":{"@id":"https:\/\/www.astor.com.pl\/biznes-i-produkcja\/dekada-przemyslu-4-0-transformacje-wyzwania-perspektywy\/#primaryimage"},"thumbnailUrl":"https:\/\/www.astor.com.pl\/biznes-i-produkcja\/wp-content\/uploads\/2024\/05\/Obrazki-do-BIP-30.png","datePublished":"2024-05-20T10:26:19+00:00","dateModified":"2024-05-20T10:26:22+00:00","breadcrumb":{"@id":"https:\/\/www.astor.com.pl\/biznes-i-produkcja\/dekada-przemyslu-4-0-transformacje-wyzwania-perspektywy\/#breadcrumb"},"inLanguage":"pl-PL","potentialAction":[{"@type":"ReadAction","target":["https:\/\/www.astor.com.pl\/biznes-i-produkcja\/dekada-przemyslu-4-0-transformacje-wyzwania-perspektywy\/"]}]},{"@type":"ImageObject","inLanguage":"pl-PL","@id":"https:\/\/www.astor.com.pl\/biznes-i-produkcja\/dekada-przemyslu-4-0-transformacje-wyzwania-perspektywy\/#primaryimage","url":"https:\/\/www.astor.com.pl\/biznes-i-produkcja\/wp-content\/uploads\/2024\/05\/Obrazki-do-BIP-30.png","contentUrl":"https:\/\/www.astor.com.pl\/biznes-i-produkcja\/wp-content\/uploads\/2024\/05\/Obrazki-do-BIP-30.png","width":1920,"height":1080},{"@type":"BreadcrumbList","@id":"https:\/\/www.astor.com.pl\/biznes-i-produkcja\/dekada-przemyslu-4-0-transformacje-wyzwania-perspektywy\/#breadcrumb","itemListElement":[{"@type":"ListItem","position":1,"name":"Tre\u015bci","item":"https:\/\/www.astor.com.pl\/biznes-i-produkcja\/kategoria\/tresci\/"},{"@type":"ListItem","position":2,"name":"Dekada Przemys\u0142u 4.0: transformacje, wyzwania, perspektywy"}]},{"@type":"WebSite","@id":"https:\/\/www.astor.com.pl\/biznes-i-produkcja\/#website","url":"https:\/\/www.astor.com.pl\/biznes-i-produkcja\/","name":"Biznes i Produkcja","description":"Praktyczne aspekty transformacji do przemys\u0142u przysz\u0142o\u015bci","publisher":{"@id":"https:\/\/www.astor.com.pl\/biznes-i-produkcja\/#organization"},"potentialAction":[{"@type":"SearchAction","target":{"@type":"EntryPoint","urlTemplate":"https:\/\/www.astor.com.pl\/biznes-i-produkcja\/?s={search_term_string}"},"query-input":{"@type":"PropertyValueSpecification","valueRequired":true,"valueName":"search_term_string"}}],"inLanguage":"pl-PL"},{"@type":"Organization","@id":"https:\/\/www.astor.com.pl\/biznes-i-produkcja\/#organization","name":"ASTOR | gdzie technologia spotyka cz\u0142owieka","alternateName":"ASTOR","url":"https:\/\/www.astor.com.pl\/biznes-i-produkcja\/","logo":{"@type":"ImageObject","inLanguage":"pl-PL","@id":"https:\/\/www.astor.com.pl\/biznes-i-produkcja\/#\/schema\/logo\/image\/","url":"https:\/\/www.astor.com.pl\/biznes-i-produkcja\/wp-content\/uploads\/2017\/06\/ASTOR_logo.jpg","contentUrl":"https:\/\/www.astor.com.pl\/biznes-i-produkcja\/wp-content\/uploads\/2017\/06\/ASTOR_logo.jpg","width":185,"height":60,"caption":"ASTOR | gdzie technologia spotyka cz\u0142owieka"},"image":{"@id":"https:\/\/www.astor.com.pl\/biznes-i-produkcja\/#\/schema\/logo\/image\/"},"sameAs":["https:\/\/www.facebook.com\/ASTOR.automatyzacja"]},{"@type":"Person","@id":"https:\/\/www.astor.com.pl\/biznes-i-produkcja\/#\/schema\/person\/6bb5ac11b70dbbe59a16108396e9ebd8","name":"Pawe\u0142 G\u00f3recki","image":{"@type":"ImageObject","inLanguage":"pl-PL","@id":"https:\/\/www.astor.com.pl\/biznes-i-produkcja\/wp-content\/uploads\/2023\/04\/cropped-pawel_gorecki_astor-1-96x96.webp","url":"https:\/\/www.astor.com.pl\/biznes-i-produkcja\/wp-content\/uploads\/2023\/04\/cropped-pawel_gorecki_astor-1-96x96.webp","contentUrl":"https:\/\/www.astor.com.pl\/biznes-i-produkcja\/wp-content\/uploads\/2023\/04\/cropped-pawel_gorecki_astor-1-96x96.webp","caption":"Pawe\u0142 G\u00f3recki"},"description":"Redaktor naczelny Biznes i Produkcja. Interesuje si\u0119 zjawiskami na styku nowych technologii, biznesu i trend\u00f3w spo\u0142ecznych.","sameAs":["michalz"],"url":"https:\/\/www.astor.com.pl\/biznes-i-produkcja\/author\/pawelgo\/"}]}},"_links":{"self":[{"href":"https:\/\/www.astor.com.pl\/biznes-i-produkcja\/wp-json\/wp\/v2\/posts\/8389","targetHints":{"allow":["GET"]}}],"collection":[{"href":"https:\/\/www.astor.com.pl\/biznes-i-produkcja\/wp-json\/wp\/v2\/posts"}],"about":[{"href":"https:\/\/www.astor.com.pl\/biznes-i-produkcja\/wp-json\/wp\/v2\/types\/post"}],"author":[{"embeddable":true,"href":"https:\/\/www.astor.com.pl\/biznes-i-produkcja\/wp-json\/wp\/v2\/users\/55"}],"replies":[{"embeddable":true,"href":"https:\/\/www.astor.com.pl\/biznes-i-produkcja\/wp-json\/wp\/v2\/comments?post=8389"}],"version-history":[{"count":3,"href":"https:\/\/www.astor.com.pl\/biznes-i-produkcja\/wp-json\/wp\/v2\/posts\/8389\/revisions"}],"predecessor-version":[{"id":8399,"href":"https:\/\/www.astor.com.pl\/biznes-i-produkcja\/wp-json\/wp\/v2\/posts\/8389\/revisions\/8399"}],"wp:featuredmedia":[{"embeddable":true,"href":"https:\/\/www.astor.com.pl\/biznes-i-produkcja\/wp-json\/wp\/v2\/media\/8393"}],"wp:attachment":[{"href":"https:\/\/www.astor.com.pl\/biznes-i-produkcja\/wp-json\/wp\/v2\/media?parent=8389"}],"wp:term":[{"taxonomy":"category","embeddable":true,"href":"https:\/\/www.astor.com.pl\/biznes-i-produkcja\/wp-json\/wp\/v2\/categories?post=8389"},{"taxonomy":"post_tag","embeddable":true,"href":"https:\/\/www.astor.com.pl\/biznes-i-produkcja\/wp-json\/wp\/v2\/tags?post=8389"}],"curies":[{"name":"wp","href":"https:\/\/api.w.org\/{rel}","templated":true}]}}