{"id":8314,"date":"2024-04-25T13:46:42","date_gmt":"2024-04-25T11:46:42","guid":{"rendered":"https:\/\/www.astor.com.pl\/biznes-i-produkcja\/?p=8314"},"modified":"2025-02-20T12:50:40","modified_gmt":"2025-02-20T11:50:40","slug":"14_cyfrowa-kopia-fabryki","status":"publish","type":"post","link":"https:\/\/www.astor.com.pl\/biznes-i-produkcja\/14_cyfrowa-kopia-fabryki\/","title":{"rendered":"#14_Cyfrowa kopia fabryki"},"content":{"rendered":"\n<p> <\/p>\n\n\n\n<p>Dzi\u0119ki zaawansowanym symulacjom 3D i oprogramowaniu FlexSim, fizyczne obiekty w rewolucyjny spos\u00f3b zyskuj\u0105 swoje cyfrowe kopie po to, by lepiej zaprojektowa\u0107 technologiczn\u0105 zmian\u0119. Jak to sprawdzi\u0107?<\/p>\n\n\n\n<p>Wystarczy za\u0142o\u017cy\u0107 okulary VR by w ci\u0105gu kilku sekund porusza\u0107 si\u0119 pomi\u0119dzy liniami produkcyjnymi w fabryce. To nie tylko fabryka mebli &#8211; to dowolna fabryka, kt\u00f3rej kopia zosta\u0142a przeniesiona do narz\u0119dzia o kt\u00f3rym \u015bmia\u0142o mo\u017cemy powiedzie\u0107, \u017ce jest z przysz\u0142o\u015bci<\/p>\n\n\n\n<p>To rozmowa o szerokim zakresu zastosowa\u0144 symulacji, od tworzenia tr\u00f3jwymiarowych modeli po optymalizacj\u0119 proces\u00f3w logistycznych. FlexSim, jako narz\u0119dzie integruj\u0105ce si\u0119 z innymi systemami, odgrywa kluczow\u0105 rol\u0119 w transformacji produkcji i zarz\u0105dzania.<\/p>\n\n\n\n<h2 class=\"wp-block-heading\">Dawid D\u0105bal<\/h2>\n\n\n\n<p>Wiceprezes Zarz\u0105du InterMarium sp. z o.o. Ekspert w technologiach komputerowego wspomagania modelowania, symulacji, optymalizacji i wizualizacji wspomaganej oprogramowaniem FlexSim 3D Simulation Software. Ponad 13 lat do\u015bwiadczenia i blisko 300 zrealizowanych modeli symulacyjnych proces\u00f3w przemys\u0142owych i logistycznych.<\/p>\n\n\n\n<h2 class=\"wp-block-heading\">O firmie:<\/h2>\n\n\n\n<p>InterMarium jest autoryzowanym przez Autodesk dystrybutorem narz\u0119dzia FlexSim Simulation Software. Eksperci InterMarium dostarczaj\u0105 najwy\u017cszej jako\u015bci us\u0142ug z zakresu modelowania symulacyjnego i tworzenia bli\u017aniak\u00f3w cyfrowych w przemy\u015ble. Intermarium jest r\u00f3wnie\u017c tw\u00f3rc\u0105 najnowocze\u015bniejszych gier symulacyjnych stosowanych w procesie szkoleniowym w biznesie oraz dydaktycznym na uczelniach wy\u017cszych. Propaguje wiedz\u0119 o symulacji proces\u00f3w organizuj\u0105c szkolenia, spotkania biznesowe i konferencje. Kszta\u0142ci in\u017cynier\u00f3w 21 wieku, ekspert\u00f3w i kadry uniwersyteckie. Droga do cyfrowego bli\u017aniaka: <a href=\"http:\/\/www.intermarium.com.pl\">www.intermarium.com.pl<\/a><\/p>\n\n\n\n<h2 class=\"wp-block-heading\">Pos\u0142uchaj:<\/h2>\n\n\n\n<figure class=\"wp-block-image size-full\"><a href=\"https:\/\/open.spotify.com\/episode\/4ybkWa37BxsJ33mUOG7vEQ?si=bedad6302a7245a0\"><img loading=\"lazy\" decoding=\"async\" width=\"200\" height=\"62\" src=\"https:\/\/www.astor.com.pl\/biznes-i-produkcja\/wp-content\/uploads\/2023\/04\/spotify.png\" alt=\"\" class=\"wp-image-6744\"\/><\/a><\/figure>\n\n\n\n<figure class=\"wp-block-image size-full\"><a href=\"https:\/\/www.youtube.com\/watch?v=GomlfMgpENc\"><img loading=\"lazy\" decoding=\"async\" width=\"200\" height=\"62\" src=\"https:\/\/www.astor.com.pl\/biznes-i-produkcja\/wp-content\/uploads\/2023\/04\/youtub.png\" alt=\"\" class=\"wp-image-6745\"\/><\/a><\/figure>\n\n\n\n<figure class=\"wp-block-image size-full\"><a href=\"https:\/\/podcasts.apple.com\/pl\/podcast\/14-dawid-d%C4%85bal-cyfrowa-kopia-fabryki\/id1622766752?i=1000653433977&amp;l=pl\"><img loading=\"lazy\" decoding=\"async\" width=\"200\" height=\"62\" src=\"https:\/\/www.astor.com.pl\/biznes-i-produkcja\/wp-content\/uploads\/2023\/04\/Group-135-1.png\" alt=\"\" class=\"wp-image-6743\"\/><\/a><\/figure>\n\n\n\n<div id=\"buzzsprout-player-14947180\"><\/div><script src=\"https:\/\/www.buzzsprout.com\/1981606\/14947180-14_dawid-dabal-cyfrowa-kopia-fabryki.js?container_id=buzzsprout-player-14947180&#038;player=small\" type=\"text\/javascript\" charset=\"utf-8\"><\/script>\n","protected":false},"excerpt":{"rendered":"<p>Czternasta rozmowa w Biznes i Produkcja Podcast przenosi nas w \u015bwiat cyfrowych kopii fabryk z firm\u0105 InterMarium.<\/p>\n","protected":false},"author":17,"featured_media":8299,"comment_status":"closed","ping_status":"closed","sticky":false,"template":"","format":"standard","meta":{"_acf_changed":false,"inline_featured_image":false,"footnotes":""},"categories":[493,525],"tags":[],"class_list":["post-8314","post","type-post","status-publish","format-standard","has-post-thumbnail","hentry","category-podcast","category-tresci"],"acf":[],"yoast_head":"<!-- This site is optimized with the Yoast SEO plugin v27.3 - https:\/\/yoast.com\/product\/yoast-seo-wordpress\/ -->\r\n<title>#14_Cyfrowa kopia fabryki | Biznes i Produkcja<\/title>\r\n<meta name=\"robots\" content=\"index, follow, max-snippet:-1, max-image-preview:large, max-video-preview:-1\" \/>\r\n<link rel=\"canonical\" href=\"https:\/\/www.astor.com.pl\/biznes-i-produkcja\/14_cyfrowa-kopia-fabryki\/\" \/>\r\n<meta property=\"og:locale\" content=\"pl_PL\" \/>\r\n<meta property=\"og:type\" content=\"article\" \/>\r\n<meta property=\"og:title\" content=\"#14_Cyfrowa kopia fabryki | Biznes i Produkcja\" \/>\r\n<meta property=\"og:description\" content=\"Czternasta rozmowa w Biznes i Produkcja Podcast przenosi nas w \u015bwiat cyfrowych kopii fabryk z firm\u0105 InterMarium.\" \/>\r\n<meta property=\"og:url\" content=\"https:\/\/www.astor.com.pl\/biznes-i-produkcja\/14_cyfrowa-kopia-fabryki\/\" \/>\r\n<meta property=\"og:site_name\" content=\"Biznes i Produkcja\" \/>\r\n<meta property=\"article:publisher\" content=\"https:\/\/www.facebook.com\/ASTOR.automatyzacja\" \/>\r\n<meta property=\"article:published_time\" content=\"2024-04-25T11:46:42+00:00\" \/>\r\n<meta property=\"article:modified_time\" content=\"2025-02-20T11:50:40+00:00\" \/>\r\n<meta property=\"og:image\" content=\"https:\/\/www.astor.com.pl\/biznes-i-produkcja\/wp-content\/uploads\/2024\/04\/FlexSim-1.jpg\" \/>\r\n\t<meta property=\"og:image:width\" content=\"1920\" \/>\r\n\t<meta property=\"og:image:height\" content=\"1080\" \/>\r\n\t<meta property=\"og:image:type\" content=\"image\/jpeg\" \/>\r\n<meta name=\"author\" content=\"Renata Poreda\" \/>\r\n<meta name=\"twitter:card\" content=\"summary_large_image\" \/>\r\n<meta name=\"twitter:label1\" content=\"Napisane przez\" \/>\n\t<meta name=\"twitter:data1\" content=\"Renata Poreda\" \/>\n\t<meta name=\"twitter:label2\" content=\"Szacowany czas czytania\" \/>\n\t<meta name=\"twitter:data2\" content=\"2 minuty\" \/>\r\n<script type=\"application\/ld+json\" class=\"yoast-schema-graph\">{\"@context\":\"https:\\\/\\\/schema.org\",\"@graph\":[{\"@type\":\"Article\",\"@id\":\"https:\\\/\\\/www.astor.com.pl\\\/biznes-i-produkcja\\\/14_cyfrowa-kopia-fabryki\\\/#article\",\"isPartOf\":{\"@id\":\"https:\\\/\\\/www.astor.com.pl\\\/biznes-i-produkcja\\\/14_cyfrowa-kopia-fabryki\\\/\"},\"author\":{\"name\":\"Renata Poreda\",\"@id\":\"https:\\\/\\\/www.astor.com.pl\\\/biznes-i-produkcja\\\/#\\\/schema\\\/person\\\/8459674e8e54c444aca44f32884dd063\"},\"headline\":\"#14_Cyfrowa kopia fabryki\",\"datePublished\":\"2024-04-25T11:46:42+00:00\",\"dateModified\":\"2025-02-20T11:50:40+00:00\",\"mainEntityOfPage\":{\"@id\":\"https:\\\/\\\/www.astor.com.pl\\\/biznes-i-produkcja\\\/14_cyfrowa-kopia-fabryki\\\/\"},\"wordCount\":253,\"publisher\":{\"@id\":\"https:\\\/\\\/www.astor.com.pl\\\/biznes-i-produkcja\\\/#organization\"},\"image\":{\"@id\":\"https:\\\/\\\/www.astor.com.pl\\\/biznes-i-produkcja\\\/14_cyfrowa-kopia-fabryki\\\/#primaryimage\"},\"thumbnailUrl\":\"https:\\\/\\\/www.astor.com.pl\\\/biznes-i-produkcja\\\/wp-content\\\/uploads\\\/2024\\\/04\\\/FlexSim-1.jpg\",\"articleSection\":[\"Podcast\",\"Tre\u015bci\"],\"inLanguage\":\"pl-PL\"},{\"@type\":\"WebPage\",\"@id\":\"https:\\\/\\\/www.astor.com.pl\\\/biznes-i-produkcja\\\/14_cyfrowa-kopia-fabryki\\\/\",\"url\":\"https:\\\/\\\/www.astor.com.pl\\\/biznes-i-produkcja\\\/14_cyfrowa-kopia-fabryki\\\/\",\"name\":\"#14_Cyfrowa kopia fabryki | Biznes i Produkcja\",\"isPartOf\":{\"@id\":\"https:\\\/\\\/www.astor.com.pl\\\/biznes-i-produkcja\\\/#website\"},\"primaryImageOfPage\":{\"@id\":\"https:\\\/\\\/www.astor.com.pl\\\/biznes-i-produkcja\\\/14_cyfrowa-kopia-fabryki\\\/#primaryimage\"},\"image\":{\"@id\":\"https:\\\/\\\/www.astor.com.pl\\\/biznes-i-produkcja\\\/14_cyfrowa-kopia-fabryki\\\/#primaryimage\"},\"thumbnailUrl\":\"https:\\\/\\\/www.astor.com.pl\\\/biznes-i-produkcja\\\/wp-content\\\/uploads\\\/2024\\\/04\\\/FlexSim-1.jpg\",\"datePublished\":\"2024-04-25T11:46:42+00:00\",\"dateModified\":\"2025-02-20T11:50:40+00:00\",\"breadcrumb\":{\"@id\":\"https:\\\/\\\/www.astor.com.pl\\\/biznes-i-produkcja\\\/14_cyfrowa-kopia-fabryki\\\/#breadcrumb\"},\"inLanguage\":\"pl-PL\",\"potentialAction\":[{\"@type\":\"ReadAction\",\"target\":[\"https:\\\/\\\/www.astor.com.pl\\\/biznes-i-produkcja\\\/14_cyfrowa-kopia-fabryki\\\/\"]}]},{\"@type\":\"ImageObject\",\"inLanguage\":\"pl-PL\",\"@id\":\"https:\\\/\\\/www.astor.com.pl\\\/biznes-i-produkcja\\\/14_cyfrowa-kopia-fabryki\\\/#primaryimage\",\"url\":\"https:\\\/\\\/www.astor.com.pl\\\/biznes-i-produkcja\\\/wp-content\\\/uploads\\\/2024\\\/04\\\/FlexSim-1.jpg\",\"contentUrl\":\"https:\\\/\\\/www.astor.com.pl\\\/biznes-i-produkcja\\\/wp-content\\\/uploads\\\/2024\\\/04\\\/FlexSim-1.jpg\",\"width\":1920,\"height\":1080},{\"@type\":\"BreadcrumbList\",\"@id\":\"https:\\\/\\\/www.astor.com.pl\\\/biznes-i-produkcja\\\/14_cyfrowa-kopia-fabryki\\\/#breadcrumb\",\"itemListElement\":[{\"@type\":\"ListItem\",\"position\":1,\"name\":\"Podcast\",\"item\":\"https:\\\/\\\/www.astor.com.pl\\\/biznes-i-produkcja\\\/kategoria\\\/podcast\\\/\"},{\"@type\":\"ListItem\",\"position\":2,\"name\":\"#14_Cyfrowa kopia fabryki\"}]},{\"@type\":\"WebSite\",\"@id\":\"https:\\\/\\\/www.astor.com.pl\\\/biznes-i-produkcja\\\/#website\",\"url\":\"https:\\\/\\\/www.astor.com.pl\\\/biznes-i-produkcja\\\/\",\"name\":\"Biznes i Produkcja\",\"description\":\"Praktyczne aspekty transformacji do przemys\u0142u przysz\u0142o\u015bci\",\"publisher\":{\"@id\":\"https:\\\/\\\/www.astor.com.pl\\\/biznes-i-produkcja\\\/#organization\"},\"potentialAction\":[{\"@type\":\"SearchAction\",\"target\":{\"@type\":\"EntryPoint\",\"urlTemplate\":\"https:\\\/\\\/www.astor.com.pl\\\/biznes-i-produkcja\\\/?s={search_term_string}\"},\"query-input\":{\"@type\":\"PropertyValueSpecification\",\"valueRequired\":true,\"valueName\":\"search_term_string\"}}],\"inLanguage\":\"pl-PL\"},{\"@type\":\"Organization\",\"@id\":\"https:\\\/\\\/www.astor.com.pl\\\/biznes-i-produkcja\\\/#organization\",\"name\":\"ASTOR | gdzie technologia spotyka cz\u0142owieka\",\"alternateName\":\"ASTOR\",\"url\":\"https:\\\/\\\/www.astor.com.pl\\\/biznes-i-produkcja\\\/\",\"logo\":{\"@type\":\"ImageObject\",\"inLanguage\":\"pl-PL\",\"@id\":\"https:\\\/\\\/www.astor.com.pl\\\/biznes-i-produkcja\\\/#\\\/schema\\\/logo\\\/image\\\/\",\"url\":\"https:\\\/\\\/www.astor.com.pl\\\/biznes-i-produkcja\\\/wp-content\\\/uploads\\\/2017\\\/06\\\/ASTOR_logo.jpg\",\"contentUrl\":\"https:\\\/\\\/www.astor.com.pl\\\/biznes-i-produkcja\\\/wp-content\\\/uploads\\\/2017\\\/06\\\/ASTOR_logo.jpg\",\"width\":185,\"height\":60,\"caption\":\"ASTOR | gdzie technologia spotyka cz\u0142owieka\"},\"image\":{\"@id\":\"https:\\\/\\\/www.astor.com.pl\\\/biznes-i-produkcja\\\/#\\\/schema\\\/logo\\\/image\\\/\"},\"sameAs\":[\"https:\\\/\\\/www.facebook.com\\\/ASTOR.automatyzacja\"]},{\"@type\":\"Person\",\"@id\":\"https:\\\/\\\/www.astor.com.pl\\\/biznes-i-produkcja\\\/#\\\/schema\\\/person\\\/8459674e8e54c444aca44f32884dd063\",\"name\":\"Renata Poreda\",\"image\":{\"@type\":\"ImageObject\",\"inLanguage\":\"pl-PL\",\"@id\":\"https:\\\/\\\/www.astor.com.pl\\\/biznes-i-produkcja\\\/wp-content\\\/uploads\\\/2023\\\/06\\\/cropped-RP2-96x96.png\",\"url\":\"https:\\\/\\\/www.astor.com.pl\\\/biznes-i-produkcja\\\/wp-content\\\/uploads\\\/2023\\\/06\\\/cropped-RP2-96x96.png\",\"contentUrl\":\"https:\\\/\\\/www.astor.com.pl\\\/biznes-i-produkcja\\\/wp-content\\\/uploads\\\/2023\\\/06\\\/cropped-RP2-96x96.png\",\"caption\":\"Renata Poreda\"},\"description\":\"Doradczyni w zakresie PR i wizerunku z ponad 20 letnim do\u015bwiadczeniem. Od ponad 12 lat zwi\u0105zana z bran\u017c\u0105 przemys\u0142ow\u0105 i nowoczesnych technologii. Obecnie \u0142\u0105czy funkcj\u0119 rzeczniczki prasowej FAIRP oraz ASTOR, kt\u00f3ry jest jednym z cz\u0142onk\u00f3w za\u0142o\u017cycieli Zwi\u0105zku Pracodawc\u00f3w Forum Automatyki i Robotyki Polskiej. Wspiera dzia\u0142ania CSR, sponsoringowe oraz wsp\u00f3\u0142tworzy koncepty kreatywne kampanii komunikacyjnych. Redaktor naczelna pisma Biznes i Produkcja w latach 2018-2024. Autorka podcastu o tej samej nazwie. Od 2024 nale\u017cy do Rady Programowej Studi\u00f3w Podyplomowych Public Relations i Brand Management w Instytucie Ekonomii, Finans\u00f3w i Zarz\u0105dzania UJ, wyk\u0142adowczyni UJ. W PSPR, po kilkuletniej przerwie, od 2019 roku. Od 2024 nale\u017cy do Rady Programowej Studi\u00f3w Podyplomowych Public Relations i Brand Management w Instytucie Ekonomii, Finans\u00f3w i Zarz\u0105dzania UJ, kt\u00f3rych PSPR jest partnerem. Wyk\u0142adowczyni UJ. Cz\u0142onkini Sektorowej Rady ds. Kompetencji Sektora Komunikacji Marketingowej kadencji 2025-2029 dzia\u0142aj\u0105cej przy Ministerstwie Funduszy i Polityki Regionalnej. Absolwentka podyplomowych studi\u00f3w w zakresie Public Relations (UJ) oraz Marketingu w sieci (WSE im. ks. J. Tischnera). Uko\u0144czy\u0142a r\u00f3wnie\u017c presti\u017cowy program brytyjskiego instytutu \u201eThe Chartered Institute of Marketing, prowadzony w Polsce przez Questus \u2013 akredytowane centrum egzaminacyjne. Zwolenniczka empatycznej komunikacji, pasjonatka g\u00f3r, biegania i motoryzacji.\",\"sameAs\":[\"https:\\\/\\\/www.linkedin.com\\\/feed\\\/\"],\"url\":\"https:\\\/\\\/www.astor.com.pl\\\/biznes-i-produkcja\\\/author\\\/renatap\\\/\"}]}<\/script>\r\n<!-- \/ Yoast SEO plugin. -->","yoast_head_json":{"title":"#14_Cyfrowa kopia fabryki | Biznes i Produkcja","robots":{"index":"index","follow":"follow","max-snippet":"max-snippet:-1","max-image-preview":"max-image-preview:large","max-video-preview":"max-video-preview:-1"},"canonical":"https:\/\/www.astor.com.pl\/biznes-i-produkcja\/14_cyfrowa-kopia-fabryki\/","og_locale":"pl_PL","og_type":"article","og_title":"#14_Cyfrowa kopia fabryki | Biznes i Produkcja","og_description":"Czternasta rozmowa w Biznes i Produkcja Podcast przenosi nas w \u015bwiat cyfrowych kopii fabryk z firm\u0105 InterMarium.","og_url":"https:\/\/www.astor.com.pl\/biznes-i-produkcja\/14_cyfrowa-kopia-fabryki\/","og_site_name":"Biznes i Produkcja","article_publisher":"https:\/\/www.facebook.com\/ASTOR.automatyzacja","article_published_time":"2024-04-25T11:46:42+00:00","article_modified_time":"2025-02-20T11:50:40+00:00","og_image":[{"width":1920,"height":1080,"url":"https:\/\/www.astor.com.pl\/biznes-i-produkcja\/wp-content\/uploads\/2024\/04\/FlexSim-1.jpg","type":"image\/jpeg"}],"author":"Renata Poreda","twitter_card":"summary_large_image","twitter_misc":{"Napisane przez":"Renata Poreda","Szacowany czas czytania":"2 minuty"},"schema":{"@context":"https:\/\/schema.org","@graph":[{"@type":"Article","@id":"https:\/\/www.astor.com.pl\/biznes-i-produkcja\/14_cyfrowa-kopia-fabryki\/#article","isPartOf":{"@id":"https:\/\/www.astor.com.pl\/biznes-i-produkcja\/14_cyfrowa-kopia-fabryki\/"},"author":{"name":"Renata Poreda","@id":"https:\/\/www.astor.com.pl\/biznes-i-produkcja\/#\/schema\/person\/8459674e8e54c444aca44f32884dd063"},"headline":"#14_Cyfrowa kopia fabryki","datePublished":"2024-04-25T11:46:42+00:00","dateModified":"2025-02-20T11:50:40+00:00","mainEntityOfPage":{"@id":"https:\/\/www.astor.com.pl\/biznes-i-produkcja\/14_cyfrowa-kopia-fabryki\/"},"wordCount":253,"publisher":{"@id":"https:\/\/www.astor.com.pl\/biznes-i-produkcja\/#organization"},"image":{"@id":"https:\/\/www.astor.com.pl\/biznes-i-produkcja\/14_cyfrowa-kopia-fabryki\/#primaryimage"},"thumbnailUrl":"https:\/\/www.astor.com.pl\/biznes-i-produkcja\/wp-content\/uploads\/2024\/04\/FlexSim-1.jpg","articleSection":["Podcast","Tre\u015bci"],"inLanguage":"pl-PL"},{"@type":"WebPage","@id":"https:\/\/www.astor.com.pl\/biznes-i-produkcja\/14_cyfrowa-kopia-fabryki\/","url":"https:\/\/www.astor.com.pl\/biznes-i-produkcja\/14_cyfrowa-kopia-fabryki\/","name":"#14_Cyfrowa kopia fabryki | Biznes i Produkcja","isPartOf":{"@id":"https:\/\/www.astor.com.pl\/biznes-i-produkcja\/#website"},"primaryImageOfPage":{"@id":"https:\/\/www.astor.com.pl\/biznes-i-produkcja\/14_cyfrowa-kopia-fabryki\/#primaryimage"},"image":{"@id":"https:\/\/www.astor.com.pl\/biznes-i-produkcja\/14_cyfrowa-kopia-fabryki\/#primaryimage"},"thumbnailUrl":"https:\/\/www.astor.com.pl\/biznes-i-produkcja\/wp-content\/uploads\/2024\/04\/FlexSim-1.jpg","datePublished":"2024-04-25T11:46:42+00:00","dateModified":"2025-02-20T11:50:40+00:00","breadcrumb":{"@id":"https:\/\/www.astor.com.pl\/biznes-i-produkcja\/14_cyfrowa-kopia-fabryki\/#breadcrumb"},"inLanguage":"pl-PL","potentialAction":[{"@type":"ReadAction","target":["https:\/\/www.astor.com.pl\/biznes-i-produkcja\/14_cyfrowa-kopia-fabryki\/"]}]},{"@type":"ImageObject","inLanguage":"pl-PL","@id":"https:\/\/www.astor.com.pl\/biznes-i-produkcja\/14_cyfrowa-kopia-fabryki\/#primaryimage","url":"https:\/\/www.astor.com.pl\/biznes-i-produkcja\/wp-content\/uploads\/2024\/04\/FlexSim-1.jpg","contentUrl":"https:\/\/www.astor.com.pl\/biznes-i-produkcja\/wp-content\/uploads\/2024\/04\/FlexSim-1.jpg","width":1920,"height":1080},{"@type":"BreadcrumbList","@id":"https:\/\/www.astor.com.pl\/biznes-i-produkcja\/14_cyfrowa-kopia-fabryki\/#breadcrumb","itemListElement":[{"@type":"ListItem","position":1,"name":"Podcast","item":"https:\/\/www.astor.com.pl\/biznes-i-produkcja\/kategoria\/podcast\/"},{"@type":"ListItem","position":2,"name":"#14_Cyfrowa kopia fabryki"}]},{"@type":"WebSite","@id":"https:\/\/www.astor.com.pl\/biznes-i-produkcja\/#website","url":"https:\/\/www.astor.com.pl\/biznes-i-produkcja\/","name":"Biznes i Produkcja","description":"Praktyczne aspekty transformacji do przemys\u0142u przysz\u0142o\u015bci","publisher":{"@id":"https:\/\/www.astor.com.pl\/biznes-i-produkcja\/#organization"},"potentialAction":[{"@type":"SearchAction","target":{"@type":"EntryPoint","urlTemplate":"https:\/\/www.astor.com.pl\/biznes-i-produkcja\/?s={search_term_string}"},"query-input":{"@type":"PropertyValueSpecification","valueRequired":true,"valueName":"search_term_string"}}],"inLanguage":"pl-PL"},{"@type":"Organization","@id":"https:\/\/www.astor.com.pl\/biznes-i-produkcja\/#organization","name":"ASTOR | gdzie technologia spotyka cz\u0142owieka","alternateName":"ASTOR","url":"https:\/\/www.astor.com.pl\/biznes-i-produkcja\/","logo":{"@type":"ImageObject","inLanguage":"pl-PL","@id":"https:\/\/www.astor.com.pl\/biznes-i-produkcja\/#\/schema\/logo\/image\/","url":"https:\/\/www.astor.com.pl\/biznes-i-produkcja\/wp-content\/uploads\/2017\/06\/ASTOR_logo.jpg","contentUrl":"https:\/\/www.astor.com.pl\/biznes-i-produkcja\/wp-content\/uploads\/2017\/06\/ASTOR_logo.jpg","width":185,"height":60,"caption":"ASTOR | gdzie technologia spotyka cz\u0142owieka"},"image":{"@id":"https:\/\/www.astor.com.pl\/biznes-i-produkcja\/#\/schema\/logo\/image\/"},"sameAs":["https:\/\/www.facebook.com\/ASTOR.automatyzacja"]},{"@type":"Person","@id":"https:\/\/www.astor.com.pl\/biznes-i-produkcja\/#\/schema\/person\/8459674e8e54c444aca44f32884dd063","name":"Renata Poreda","image":{"@type":"ImageObject","inLanguage":"pl-PL","@id":"https:\/\/www.astor.com.pl\/biznes-i-produkcja\/wp-content\/uploads\/2023\/06\/cropped-RP2-96x96.png","url":"https:\/\/www.astor.com.pl\/biznes-i-produkcja\/wp-content\/uploads\/2023\/06\/cropped-RP2-96x96.png","contentUrl":"https:\/\/www.astor.com.pl\/biznes-i-produkcja\/wp-content\/uploads\/2023\/06\/cropped-RP2-96x96.png","caption":"Renata Poreda"},"description":"Doradczyni w zakresie PR i wizerunku z ponad 20 letnim do\u015bwiadczeniem. Od ponad 12 lat zwi\u0105zana z bran\u017c\u0105 przemys\u0142ow\u0105 i nowoczesnych technologii. Obecnie \u0142\u0105czy funkcj\u0119 rzeczniczki prasowej FAIRP oraz ASTOR, kt\u00f3ry jest jednym z cz\u0142onk\u00f3w za\u0142o\u017cycieli Zwi\u0105zku Pracodawc\u00f3w Forum Automatyki i Robotyki Polskiej. Wspiera dzia\u0142ania CSR, sponsoringowe oraz wsp\u00f3\u0142tworzy koncepty kreatywne kampanii komunikacyjnych. Redaktor naczelna pisma Biznes i Produkcja w latach 2018-2024. Autorka podcastu o tej samej nazwie. Od 2024 nale\u017cy do Rady Programowej Studi\u00f3w Podyplomowych Public Relations i Brand Management w Instytucie Ekonomii, Finans\u00f3w i Zarz\u0105dzania UJ, wyk\u0142adowczyni UJ. W PSPR, po kilkuletniej przerwie, od 2019 roku. Od 2024 nale\u017cy do Rady Programowej Studi\u00f3w Podyplomowych Public Relations i Brand Management w Instytucie Ekonomii, Finans\u00f3w i Zarz\u0105dzania UJ, kt\u00f3rych PSPR jest partnerem. Wyk\u0142adowczyni UJ. Cz\u0142onkini Sektorowej Rady ds. Kompetencji Sektora Komunikacji Marketingowej kadencji 2025-2029 dzia\u0142aj\u0105cej przy Ministerstwie Funduszy i Polityki Regionalnej. Absolwentka podyplomowych studi\u00f3w w zakresie Public Relations (UJ) oraz Marketingu w sieci (WSE im. ks. J. Tischnera). Uko\u0144czy\u0142a r\u00f3wnie\u017c presti\u017cowy program brytyjskiego instytutu \u201eThe Chartered Institute of Marketing, prowadzony w Polsce przez Questus \u2013 akredytowane centrum egzaminacyjne. Zwolenniczka empatycznej komunikacji, pasjonatka g\u00f3r, biegania i motoryzacji.","sameAs":["https:\/\/www.linkedin.com\/feed\/"],"url":"https:\/\/www.astor.com.pl\/biznes-i-produkcja\/author\/renatap\/"}]}},"_links":{"self":[{"href":"https:\/\/www.astor.com.pl\/biznes-i-produkcja\/wp-json\/wp\/v2\/posts\/8314","targetHints":{"allow":["GET"]}}],"collection":[{"href":"https:\/\/www.astor.com.pl\/biznes-i-produkcja\/wp-json\/wp\/v2\/posts"}],"about":[{"href":"https:\/\/www.astor.com.pl\/biznes-i-produkcja\/wp-json\/wp\/v2\/types\/post"}],"author":[{"embeddable":true,"href":"https:\/\/www.astor.com.pl\/biznes-i-produkcja\/wp-json\/wp\/v2\/users\/17"}],"replies":[{"embeddable":true,"href":"https:\/\/www.astor.com.pl\/biznes-i-produkcja\/wp-json\/wp\/v2\/comments?post=8314"}],"version-history":[{"count":4,"href":"https:\/\/www.astor.com.pl\/biznes-i-produkcja\/wp-json\/wp\/v2\/posts\/8314\/revisions"}],"predecessor-version":[{"id":8341,"href":"https:\/\/www.astor.com.pl\/biznes-i-produkcja\/wp-json\/wp\/v2\/posts\/8314\/revisions\/8341"}],"wp:featuredmedia":[{"embeddable":true,"href":"https:\/\/www.astor.com.pl\/biznes-i-produkcja\/wp-json\/wp\/v2\/media\/8299"}],"wp:attachment":[{"href":"https:\/\/www.astor.com.pl\/biznes-i-produkcja\/wp-json\/wp\/v2\/media?parent=8314"}],"wp:term":[{"taxonomy":"category","embeddable":true,"href":"https:\/\/www.astor.com.pl\/biznes-i-produkcja\/wp-json\/wp\/v2\/categories?post=8314"},{"taxonomy":"post_tag","embeddable":true,"href":"https:\/\/www.astor.com.pl\/biznes-i-produkcja\/wp-json\/wp\/v2\/tags?post=8314"}],"curies":[{"name":"wp","href":"https:\/\/api.w.org\/{rel}","templated":true}]}}