{"id":4812,"date":"2022-06-15T21:29:14","date_gmt":"2022-06-15T19:29:14","guid":{"rendered":"https:\/\/www.astor.com.pl\/biznes-i-produkcja\/?p=4812"},"modified":"2023-08-14T14:34:14","modified_gmt":"2023-08-14T12:34:14","slug":"okno-na-swiat-optymalizacji-i-uwolnionego-czasu-z-amister","status":"publish","type":"post","link":"https:\/\/www.astor.com.pl\/biznes-i-produkcja\/okno-na-swiat-optymalizacji-i-uwolnionego-czasu-z-amister\/","title":{"rendered":"Okno na \u015bwiat optymalizacji i uwolnionego czasu z amiSter"},"content":{"rendered":"\r\n<p><strong>Renata Poreda, ASTOR: Historia wielu firm z przemys\u0142u, kt\u00f3re znam, zaczyna si\u0119 do\u015b\u0107 niepozornie. Wi\u015bniowski zaczyna\u0142 od gara\u017cu, ASTOR od kapita\u0142u zak\u0142adowego 100 dolar\u00f3w i jednego pokoju w wynaj\u0119tej przestrzeni Pa\u0142acu Puget\u00f3w w Krakowie. Jak zaczyna si\u0119 opowie\u015b\u0107 o firmie amiSter?<\/strong><\/p>\r\n\r\n\r\n\r\n<p><strong>Adrian Stelmach, Dyrektor Pionu IT, Cz\u0142onek Zarz\u0105du amiSter: <\/strong>Historia amiSter zaczyna si\u0119 w 2009 roku, w Tarnowskich G\u00f3rach w gara\u017cu jednego z dw\u00f3ch pierwszych za\u0142o\u017cycieli. Do grona w\u0142a\u015bcicieli po kr\u00f3tkim czasie do\u0142\u0105czy\u0142o pi\u0119\u0107 kolejnych udzia\u0142owc\u00f3w. Nied\u0142ugo p\u00f3\u017aniej firma przenios\u0142a si\u0119 do Piekar \u015al\u0105skich i tam ju\u017c osiad\u0142a.<\/p>\r\n\r\n\r\n\r\n<p>Dlaczego Piekary \u015al\u0105skie? Po zadaniu tego pytania zaraz po zatrudnieniu do pracy, pami\u0119tam, \u017ce us\u0142ysza\u0142em dwie odpowiedzi. Po pierwsze ze wzgl\u0119du na doskona\u0142\u0105 logistyk\u0119, blisko\u015b\u0107 autostrady, szybko\u015b\u0107 dojazdu do najwa\u017cniejszych klient\u00f3w, a z drugiej strony to efekt pewnego kompromisu pomi\u0119dzy wszystkimi w\u0142a\u015bcicielami, bo jest to miasto, do kt\u00f3rego wi\u0119kszo\u015b\u0107 z nas mia\u0142a podobn\u0105 odleg\u0142o\u015b\u0107 dojazdu. Firma zosta\u0142a za\u0142o\u017cona przez programist\u00f3w, kt\u00f3rzy chcieli si\u0119 rozwija\u0107 i robi\u0107 nowe rzeczy. Po jakim\u015b czasie rozpocz\u0119li\u015bmy proces zatrudniania nowych os\u00f3b, budowania infrastruktury i od tego czasu ju\u017c nie przestali\u015bmy. Dzi\u015b amiSter to ponad 100 os\u00f3b, du\u017ce grono zadowolonych klient\u00f3w i wiele innowacyjnych rozwi\u0105za\u0144 w portfolio.<\/p>\r\n\r\n\r\n\r\n<p><strong>RP: W kontek\u015bcie Waszych innowacyjnych rozwi\u0105za\u0144, podkre\u015blacie Pa\u0144stwo wymiar oszcz\u0119dno\u015bci czasu osi\u0105gany przez Klient\u00f3w. To dobrze wpisuje si\u0119 w trend zr\u00f3wnowa\u017conego rozwoju?<\/strong><\/p>\r\n\r\n\r\n\r\n<p><strong>AS: <\/strong>Zdecydowanie! Stawiamy przede wszystkim na odci\u0105\u017canie ludzi od ci\u0119\u017ckich prac \u2013 dzi\u0119ki robotyzacji, od prac odpowiedzialnych i jednocze\u015bnie nara\u017conych na mimowolne b\u0142\u0119dy \u2013 jak to jest w raportowaniu produkcji. I bardzo wierzymy w to, \u017ce mo\u017cna realizowa\u0107 cele biznesowe, jednocze\u015bnie spe\u0142niaj\u0105c oczekiwania wszystkich pracownik\u00f3w. Stawiamy sobie za wym\u00f3g to, \u017ceby zawsze dzia\u0142a\u0107 w zgodnie z filozofi\u0105 wygrany-wygrany. Chcemy, \u017ceby wszyscy po stronie Klienta czuli si\u0119 wygrani i efektywnie skorzystali z rozwi\u0105za\u0144, kt\u00f3re proponujemy. Realizujemy audyty, warsztaty i laboratoria u naszych klient\u00f3w, \u017ceby najlepiej zrozumie\u0107 potrzeby ka\u017cdego cz\u0142owieka na wszystkich szczeblach organizacji.<\/p>\r\n\r\n\r\n\r\n<p><strong>RP: Bardzo wa\u017cna jest te\u017c to\u017csamo\u015b\u0107 firmy i wynikaj\u0105ca z niej wizja i misja. Na co stawia amiSter?<\/strong><\/p>\r\n\r\n\r\n\r\n<p><strong>AS: <\/strong>Nasz\u0105 misj\u0105 jest wsp\u00f3\u0142praca partnerska z naszymi Klientami, realizacja wsp\u00f3lnych cel\u00f3w technicznych    i biznesowych w elastyczny spos\u00f3b. Chcemy, \u017ceby na koniec dnia ka\u017cdy wygra\u0142, bo w ko\u0144cu przemys\u0142 produkcyjny to ci\u0119\u017cki kawa\u0142ek chleba. Wysoka jako\u015b\u0107 produkcji stanowi si\u0142\u0119 ca\u0142ego naszego spo\u0142ecze\u0144stwa i gospodarki. Chcemy pomaga\u0107 t\u0119 si\u0142\u0119 budowa\u0107.<\/p>\r\n\r\n\r\n\r\n<p><strong>RP: Zatrzymajmy si\u0119 zatem na chwil\u0119 na ludziach i tym, co Pan powiedzia\u0142. Wa\u017cne dla Was jest to, by spe\u0142nia\u0107 oczekiwania wszystkich Waszych pracownik\u00f3w. Jaki jest profil in\u017cyniera amiSter, co oznacza dobry in\u017cynier i jak w dobie rynku pracownika zach\u0119cacie do pracy w Waszej firmie?<\/strong><\/p>\r\n\r\n\r\n\r\n<p><strong>AS: <\/strong>Dobry in\u017cynier to przede wszystkim osoba, kt\u00f3ra jest zaanga\u017cowana i chce si\u0119 rozwija\u0107 w obszarach swojej specjalizacji. Interesuje si\u0119 tym, co robi i jest ciekawa \u015bwiata. Chcemy budowa\u0107 \u015brodowisko dla takich os\u00f3b. Bardzo mocno wierzymy w programy wsp\u00f3\u0142pracy z lokalnymi szko\u0142ami technicznymi i uczelniami wy\u017cszymi. Organizujemy wiele laboratori\u00f3w w naszych biurach dla in\u017cynier\u00f3w, kt\u00f3rzy stawiaj\u0105 pierwsze kroki w pracy zawodowej. Realizujemy projekty dyplomowe i sta\u017ce.<\/p>\r\n\r\n\r\n\r\n<p>Ludzie ceni\u0105 u nas przede wszystkim to, \u017ce maj\u0105 mo\u017cliwo\u015bci realizowania si\u0119 w obszarach, kt\u00f3re s\u0105 sp\u00f3jne z dynamik\u0105 ich talentu. Stwarzamy warunki dla wszystkich, tych startuj\u0105cych i tych, kt\u00f3rzy maj\u0105 ju\u017c za sob\u0105 lata pracy. W ko\u0144cu sami kiedy\u015b zaczynali\u015bmy i wiemy, przez co musi przej\u015b\u0107 \u015bwie\u017co upieczony absolwent uczelni, \u017ceby sta\u0107 si\u0119 do\u015bwiadczonym in\u017cynierem. W zwi\u0105zku z tym traktujemy ka\u017cdego tak samo i wiemy, \u017ce ludzie kt\u00f3rzy maj\u0105 odpowiedni poziom motywacji, s\u0105 ciekawi i maj\u0105 warunki i narz\u0119dzia, s\u0105 w stanie zmienia\u0107 \u015bwiat. Z amiSter \u2013 oczywi\u015bcie.<\/p>\r\n\r\n\r\n\r\n<p><strong>RP: Zmiany w \u015bwiecie produkcji nast\u0119puj\u0105 dynamicznie. Czasem nie\u0142atwo jest si\u0119 w nich odnale\u017a\u0107. Zmieniaj\u0105 si\u0119 technologie, \u0142a\u0144cuchy warto\u015bci, koncepcje rozwoju, kt\u00f3re mo\u017cemy sprowadzi\u0107 do wsp\u00f3lnego mianownika, jakim jest Przemys\u0142 4.0. Co on dla Was oznacza, w jakich technologiach jest przez Was wizualizowany?<\/strong><\/p>\r\n\r\n\r\n\r\n<p><strong>AS: <\/strong>Rozwi\u0105zania sp\u00f3jne z pryncypiami Przemys\u0142u 4.0 s\u0105 bardzo wa\u017cn\u0105 cz\u0119\u015bci\u0105 naszego portfela produkt\u00f3w i us\u0142ug. Przede wszystkim, niezale\u017cnie od projektu, staramy si\u0119 za ka\u017cdym razem przygotowywa\u0107 klienta na zmian\u0119 i otwiera\u0107 na integracj\u0119 z rozwi\u0105zaniami z obszaru Przemys\u0142u 4.0. W zwi\u0105zku z tym, \u017ce wywodzimy si\u0119 z oprogramowania system\u00f3w sterowania i informatyki przemys\u0142owej, czujemy si\u0119 do\u015b\u0107 mocni w obszarach danych produkcyjnych. Jest to swoista nisza, w kt\u00f3rej si\u0119 mocno specjalizujemy. Internet Rzeczy to tak\u017ce trend, kt\u00f3ry zdecydowanie pokrywa si\u0119 z zakresem naszych kompetencji, podobnie jak robotyzacja, wykorzystanie Big Data, technologie cloud oraz Asset Tracking.<\/p>\r\n\r\n\r\n\r\n<figure class=\"wp-block-gallery has-nested-images columns-default is-cropped wp-block-gallery-1 is-layout-flex wp-block-gallery-is-layout-flex\">\r\n<figure class=\"wp-block-image size-large\"><img loading=\"lazy\" decoding=\"async\" width=\"1024\" height=\"680\" data-id=\"4818\" src=\"https:\/\/www.astor.com.pl\/biznes-i-produkcja\/wp-content\/uploads\/2022\/06\/amister.jpg\" alt=\"\" class=\"wp-image-4818\" srcset=\"https:\/\/www.astor.com.pl\/biznes-i-produkcja\/wp-content\/uploads\/2022\/06\/amister.jpg 1024w, https:\/\/www.astor.com.pl\/biznes-i-produkcja\/wp-content\/uploads\/2022\/06\/amister-744x494.jpg 744w, https:\/\/www.astor.com.pl\/biznes-i-produkcja\/wp-content\/uploads\/2022\/06\/amister-420x279.jpg 420w, https:\/\/www.astor.com.pl\/biznes-i-produkcja\/wp-content\/uploads\/2022\/06\/amister-768x510.jpg 768w\" sizes=\"auto, (max-width: 1024px) 100vw, 1024px\" \/><\/figure>\r\n\r\n\r\n\r\n<figure class=\"wp-block-image size-large\"><img loading=\"lazy\" decoding=\"async\" width=\"1200\" height=\"938\" data-id=\"4819\" src=\"https:\/\/www.astor.com.pl\/biznes-i-produkcja\/wp-content\/uploads\/2022\/06\/amiSter_paletki-do-przenoszenia-elementu-produktu-na-przenosniku-lancuchowym-1200x938.jpg\" alt=\"\" class=\"wp-image-4819\" srcset=\"https:\/\/www.astor.com.pl\/biznes-i-produkcja\/wp-content\/uploads\/2022\/06\/amiSter_paletki-do-przenoszenia-elementu-produktu-na-przenosniku-lancuchowym-1200x938.jpg 1200w, https:\/\/www.astor.com.pl\/biznes-i-produkcja\/wp-content\/uploads\/2022\/06\/amiSter_paletki-do-przenoszenia-elementu-produktu-na-przenosniku-lancuchowym-744x581.jpg 744w, https:\/\/www.astor.com.pl\/biznes-i-produkcja\/wp-content\/uploads\/2022\/06\/amiSter_paletki-do-przenoszenia-elementu-produktu-na-przenosniku-lancuchowym-420x328.jpg 420w, https:\/\/www.astor.com.pl\/biznes-i-produkcja\/wp-content\/uploads\/2022\/06\/amiSter_paletki-do-przenoszenia-elementu-produktu-na-przenosniku-lancuchowym-768x600.jpg 768w, https:\/\/www.astor.com.pl\/biznes-i-produkcja\/wp-content\/uploads\/2022\/06\/amiSter_paletki-do-przenoszenia-elementu-produktu-na-przenosniku-lancuchowym-1536x1200.jpg 1536w, https:\/\/www.astor.com.pl\/biznes-i-produkcja\/wp-content\/uploads\/2022\/06\/amiSter_paletki-do-przenoszenia-elementu-produktu-na-przenosniku-lancuchowym-2048x1600.jpg 2048w\" sizes=\"auto, (max-width: 1200px) 100vw, 1200px\" \/><\/figure>\r\n<figcaption class=\"blocks-gallery-caption\">Paletki do przenoszenia elementu na transporterze \u0142a\u0144cuchowym. \u0179r\u00f3d\u0142o: materia\u0142y<br>w\u0142asne amiSter<\/figcaption><\/figure>\r\n\r\n\r\n\r\n<p><\/p>\r\n\r\n\r\n\r\n<p><strong>RP: Jak cz\u0119sto podejmujecie projekty w Europie i poza granicami? Mam wra\u017cenie, \u017ce lokalizacja amiSter to doskona\u0142e okno na \u015bwiat.<\/strong><\/p>\r\n\r\n\r\n\r\n<p><strong>AS: <\/strong>Jeden z trzech pion\u00f3w naszej firmy jest ukierunkowany wy\u0142\u0105cznie na realizacj\u0119 projekt\u00f3w programistycznych poza granicami naszego kraju. Na ten moment g\u0142\u00f3wnie s\u0105 to us\u0142ugi. Realizowali\u015bmy projekty na wi\u0119kszo\u015bci kontynent\u00f3w. Elementem naszej strategii jest to, \u017ceby wzmocni\u0107 udzia\u0142 naszych produkt\u00f3w u zagranicznych partner\u00f3w.<\/p>\r\n\r\n\r\n\r\n<p><strong>RP: Por\u00f3wnajmy przemys\u0142owe rynki: zagraniczny i polski. Jakie s\u0105 3 najbardziej zauwa\u017calne r\u00f3\u017cnice      w podej\u015bciu do nowych technologii?<\/strong><\/p>\r\n\r\n\r\n\r\n<p><strong>AS: <\/strong>Wydaje mi si\u0119, \u017ce nasze podej\u015bcie do nowych technologii bardzo mocno ewoluuje. My\u015bl\u0119, \u017ce warto powiedzie\u0107, \u017ce jest to te\u017c mocno powi\u0105zane z rynkiem pracy i wchodzeniem na niego przez nowe pokolenie. Dla m\u0142odych ludzi naturaln\u0105 rzecz\u0105 jest smartfon, kt\u00f3ry w r\u0119ku ma znacznie wi\u0119ksz\u0105 moc obliczeniow\u0105 ni\u017c wszystkie rz\u0105dowe komputery jeszcze kilkadziesi\u0105t lat temu. Naturalna jest dla nich komunikacja bezprzewodowa, czy te\u017c szybkie zakupy na jeden klik. Cz\u0119\u015b\u0107 z tych ludzi do\u015b\u0107 szybko mia\u0142a ju\u017c dost\u0119p do tej technologii. St\u0105d poniek\u0105d rynek pracy musi zbudowa\u0107 pewien pomost dla tych ludzi,      a technologia wydaje si\u0119 idealnym narz\u0119dziem.<\/p>\r\n\r\n\r\n\r\n<p>Je\u017celi mia\u0142bym wymieni\u0107 trzy r\u00f3\u017cnice w podej\u015bciu do nowych technologii to by\u0142oby to: cz\u0119stsza realizacja projekt\u00f3w pilota\u017cowych, kt\u00f3re mog\u0105 si\u0119 nie uda\u0107 (tu odpowiedzialno\u015b\u0107 za ryzyko spoczywa po stronie Klienta), nowsze parki maszynowe bardziej przystosowane do integracji z systemami informatycznymi, zbudowanie dobrych relacji z dostawcami technologii, dzi\u0119ki czemu jest du\u017co \u0142atwiejsza integracja istniej\u0105cych maszyn i system\u00f3w z tymi, kt\u00f3re mo\u017cemy sklasyfikowa\u0107, jako nowsza technologia.<\/p>\r\n\r\n\r\n\r\n<p>Wydaje mi si\u0119, \u017ce na rynkach zachodnich jest wi\u0119kszy troch\u0119 margines tolerancji b\u0142\u0119d\u00f3w, kt\u00f3ry daje przestrze\u0144 do pr\u00f3bowania i innowacji. U nas zbyt cz\u0119sto oczekujemy mimo wszystko szybszych zwrot\u00f3w   z inwestycji. Oczywi\u015bcie nie chc\u0119 generalizowa\u0107. Uwa\u017cam, \u017ce na przestrzeni ostatnich 10 lat bardzo wiele si\u0119 zmieni\u0142o, o czym \u015bwiadczy chocia\u017cby rozw\u00f3j takich firm, jak nasza, kt\u00f3ra bazuje wy\u0142\u0105cznie na wdra\u017caniu nowych technologii.<\/p>\r\n\r\n\r\n\r\n<p><strong>RP: To zupe\u0142nie nie po polsku zapytam, co jest Wasz\u0105 przewag\u0105 konkurencyjn\u0105 i Wasz\u0105 mocn\u0105 stron\u0105?<\/strong><\/p>\r\n\r\n\r\n\r\n<p><strong>AS: <\/strong>Specjalizujemy si\u0119 przede wszystkim w oprogramowaniu system\u00f3w sterowania i rozwoju rozwi\u0105za\u0144    z zakresu informatyki przemys\u0142owej. Ponadto zdecydowali\u015bmy si\u0119, \u017ce dope\u0142nimy portfolio o budow\u0119 maszyn i wdro\u017cenia robot\u00f3w przemys\u0142owych. Jestem przekonany, \u017ce nasz\u0105 najwi\u0119ksz\u0105 przewag\u0105 konkurencyjn\u0105 jest w\u0142a\u015bnie kompleksowo\u015b\u0107. Jeste\u015bmy w stanie dostarczy\u0107 zautomatyzowane stacje pod klucz, \u0142\u0105cznie z po\u0142\u0105czeniem z systemem ERP dla wielu bran\u017c. W obszarze IT przemys\u0142owego specjalizujemy si\u0119 w systemach MES i logistyce produkcji. Dbamy o pe\u0142ne \u015bledzenie produkcji                     i automatyczne ksi\u0119gowanie oraz zapewniamy, \u017ce komponenty znajd\u0105 si\u0119 na stacjach monta\u017cu na czas. Jeste\u015bmy w stanie eksportowa\u0107 dane bezpo\u015brednio z obcych system\u00f3w sterowania. A w dobie informacyjnej to w\u0142a\u015bnie dane s\u0105 fundamentem podejmowania decyzji.<\/p>\r\n\r\n\r\n\r\n<p><strong>RP: Dane to paliwo cyfrowej transformacji, kt\u00f3ra w kontek\u015bcie zak\u0142ad\u00f3w produkcyjnych w Polsce nadal stanowi nie lada wyzwanie. Z jakim najwi\u0119kszym zagadnieniem zmierzyli\u015bcie si\u0119 podczas pracy z klientem?<\/strong><\/p>\r\n\r\n\r\n\r\n<p><strong>AS: <\/strong>Transformacja zak\u0142adu zawsze wi\u0105\u017ce si\u0119 z du\u017cym wyzwaniem. W ko\u0144cu trzeba nierzadko zacz\u0105\u0107 dzia\u0142a\u0107 od strony procesowej w inny spos\u00f3b. Czasami wymaga to nie tylko zmian w obszarach in\u017cynierskich, ale wr\u0119cz zmian ca\u0142ego \u0142a\u0144cucha obiegu produktu, \u0142\u0105cznie ze wsp\u00f3\u0142prac\u0105 z otoczeniem. Staramy si\u0119 edukowa\u0107 i pokazywa\u0107 sposoby, w jaki przez tak\u0105 transformacj\u0119 przej\u015b\u0107 w miar\u0119 such\u0105 stop\u0105. Nak\u0142aniamy do tego, \u017ceby planowa\u0107 strategicznie, ale zmiany wdra\u017ca\u0107 ma\u0142ymi etapami. Dzi\u0119ki temu,        w my\u015bl metodyk zwinnego zarz\u0105dzania projektami, jeste\u015bmy w stanie dostarcza\u0107 gotowe i namacalne efekty bardzo szybko, wyci\u0105ga\u0107 wnioski i adaptowa\u0107 zmiany. Przede wszystkim doradzamy i staramy si\u0119 by\u0107 blisko Klienta od momentu pojawienia si\u0119 idei w jego g\u0142owie, po uruchomienie i przekazanie do u\u017cytku wdro\u017conego projektu. W wi\u0119kszo\u015bci przypadk\u00f3w taka wsp\u00f3\u0142praca jest kontynuowana, o czym \u015bwiadczy przede wszystkim du\u017ce grono sta\u0142ych klient\u00f3w i liczba podpisanych um\u00f3w serwisowych.<\/p>\r\n\r\n\r\n\r\n<p><strong>RP: A w kontek\u015bcie bran\u017c? Wsp\u00f3\u0142pracujecie z r\u00f3\u017cnymi ga\u0142\u0119ziami przemys\u0142u. Najwa\u017cniejszymi obszarami dzia\u0142ania firmy s\u0105 bran\u017ca motoryzacyjna, spo\u017cywcza oraz AGD. Z jakimi wyzwaniami si\u0119 one mierz\u0105?<\/strong><\/p>\r\n\r\n\r\n\r\n<p><strong>AS: <\/strong>\u017byjemy w specyficznych czasach. Problemem s\u0105 przerwane \u0142a\u0144cuchy dostaw. Szalej\u0105ce ceny energii i paliw oraz du\u017ca niepewno\u015b\u0107 w\u015br\u00f3d ludzi. Wydaje mi si\u0119, \u017ce te zjawiska dotykaj\u0105 wszystkich tak samo, niezale\u017cnie od bran\u017cy. Staramy si\u0119 wychodzi\u0107 naprzeciw naszym Klientom i pomaga\u0107, chocia\u017cby w spe\u0142nianiu wymog\u00f3w je\u017celi chodzi o dokumentowanie proces\u00f3w realizacji produkcji (MES, traceability), czy te\u017c budowanie system\u00f3w opartych o zbieranie i analizowanie danych z medi\u00f3w. Problemy z niewystarczaj\u0105c\u0105 ilo\u015bci\u0105 pracownik\u00f3w na rynku pracy mo\u017ce w pewnych sytuacjach rozwi\u0105za\u0107 automatyzacja czy robotyzacja. Niestety w obliczu tego, co obecnie si\u0119 dzieje, postawieni pod \u015bcian\u0105 przestajemy kalkulowa\u0107 w kategoriach ROI, gdy\u017c tracimy komfort wyboru i alternatywy.<\/p>\r\n\r\n\r\n\r\n<p><strong>RP: Z jakich projekt\u00f3w, instalacji jeste\u015bcie najbardziej dumni?<\/strong><\/p>\r\n\r\n\r\n\r\n<p><strong>AS: <\/strong>Nie chcia\u0142bym tutaj nikogo faworyzowa\u0107. Jeste\u015bmy firm\u0105 in\u017cyniersk\u0105, projektow\u0105. Dla nas ka\u017cdy projekt jest wyzwaniem i jeste\u015bmy szalenie dumni z ka\u017cdej uko\u0144czonej realizacji. Dzi\u0119ki temu wiemy, \u017ce poprawili\u015bmy co\u015b w dzia\u0142aniu przedsi\u0119biorstwa naszych Partner\u00f3w, a jednocze\u015bnie my te\u017c rozwin\u0119li\u015bmy si\u0119 jako ludzie i jako organizacja. <\/p>\r\n\r\n\r\n\r\n<p><strong>RP: To praca z klientem. A wewn\u0119trznie? Jak dbacie o swoje cyfrowe kompetencje, narz\u0119dzia do zarz\u0105dzania firm\u0105? W jaki spos\u00f3b digitalizujecie Wasze procesy?<\/strong><\/p>\r\n\r\n\r\n\r\n<p><strong>AS: <\/strong>Jeste\u015bmy organizacj\u0105, kt\u00f3ra zatrudnia ju\u017c ponad 100 os\u00f3b. To wymaga podej\u015bcia do pewnych spraw systemowo. Mamy system ERP, kt\u00f3ry sami rozwijamy. Jest on dla nas na obecnym etapie rozwoju niezb\u0119dny. Spaja prac\u0119 kom\u00f3rek odpowiedzialne za sprzeda\u017c, realizacj\u0119, zarz\u0105dzanie. Odpowiada za gospodark\u0119 magazynow\u0105, cashflow, zam\u00f3wienia, raportowanie, CRM i wiele innych.<\/p>\r\n\r\n\r\n\r\n<p>W zwi\u0105zku z tym, \u017ce wywodzimy si\u0119 z automatyzacji, od pocz\u0105tku wiedzieli\u015bmy, \u017ce dobrze rozwini\u0119ty ERP szyty dla naszych potrzeb jest niezb\u0119dny, \u017ceby dzia\u0142a\u0107 w spos\u00f3b sp\u00f3jny i bezpieczny. Tam r\u00f3wnie\u017c znajduj\u0105 si\u0119 dokumentacje projekt\u00f3w, czy programy szkole\u0144 dla naszych pracownik\u00f3w.<\/p>\r\n\r\n\r\n\r\n<p><strong>RP: A Pana historia w amiSter? Zawsze ciekawi\u0105 mnie pocz\u0105tki i ca\u0142y okres pracy, kt\u00f3re cz\u0119sto pokazuj\u0105 jak wiele do zaoferowania ma organizacja, kt\u00f3ra jest otwarta na zmiany i innowacyjna.<\/strong><\/p>\r\n\r\n\r\n\r\n<p><strong>AS: <\/strong>Zosta\u0142em zatrudniony jako pi\u0105ty pracownik w naszej firmie. Od tego czasu wiele si\u0119 zmieni\u0142o. Zaczyna\u0142em jako programista, p\u00f3\u017aniej mened\u017cer projektu, kierownik dzia\u0142u. Obecnie odpowiadam za ca\u0142\u0105 kom\u00f3rk\u0119 biznesow\u0105 IT w naszej firmie. Pozna\u0142em ten biznes od podszewki, przeszed\u0142em przez wszystkie szczeble w firmie. Nie powiedzia\u0142em jednak ostatniego s\u0142owa, wr\u0119cz przeciwnie. Uwa\u017cam, \u017ce zar\u00f3wno ja, jak i ca\u0142a nasza firma, mamy jeszcze bardzo du\u017co do powiedzenia i dzie\u0144 dzisiejszy staram si\u0119 traktowa\u0107 jako pewien pocz\u0105tek drogi.<\/p>\r\n\r\n\r\n\r\n<p><strong>RP: Je\u015bli jest to pocz\u0105tek drogi, to jak widzi Pan przysz\u0142o\u015b\u0107 automatyzacji, a tym samym przysz\u0142o\u015b\u0107 amiSter? Co Pana zdaniem b\u0119dzie trendem w tym zakresie w najbli\u017cszych 3 latach? <\/strong><\/p>\r\n\r\n\r\n\r\n<p><strong>AS: <\/strong>Od automatyzacji i informatyzacji nie ma odwrotu. Nie chodzi o fanaberie, ale czasy w jakich \u017cyjemy. Chodzi  o rynek pracy, o wymogi, jakie musimy spe\u0142nia\u0107, o zobowi\u0105zania, jakie mamy wobec partner\u00f3w biznesowych. Przede wszystkim o optymalizacje kosztowe, by pozosta\u0107 konkurencyjnym na rynku. W zwi\u0105zku z tym, \u017ce mamy du\u017ce do\u015bwiadczenie w tych obszarach i budujemy nasze relacje na zasadach partnerskich, z optymizmem patrz\u0119 w przysz\u0142o\u015b\u0107. Trzy lata to bardzo kr\u00f3tki okres. My\u015bl\u0119, \u017ce najwi\u0119ksze potrzeby w tym najbli\u017cszym czasie b\u0119dzie mia\u0142a robotyzacja i gromadzenie danych produkcyjnych i z system\u00f3w zarz\u0105dzania energi\u0105 oraz komunikacja w oparciu o Przemys\u0142owy Internet Rzeczy.<\/p>\r\n\r\n\r\n\r\n<p><strong>RP: I na zako\u0144czenie naszej rozmowy, nie mog\u0119 nie zapyta\u0107 o ASTOR i o wsp\u00f3\u0142prac\u0119. Od jak dawna dzia\u0142acie razem i na jakich polach? Co cenicie we wsp\u00f3\u0142pracy z partnerami?<\/strong><\/p>\r\n\r\n\r\n\r\n<p><strong>AS: <\/strong>Z firm\u0105 ASTOR wsp\u00f3\u0142pracujemy od pocz\u0105tku naszej dzia\u0142alno\u015bci. Wyznajemy podobne warto\u015bci. Wierzymy w to, \u017ce sukces jest wtedy, kiedy ka\u017cda strona zrealizuje swoje cele. Bardzo mocno wierzymy w ludzi. My\u015bl\u0119, \u017ce mamy sporo obszar\u00f3w, gdzie jeste\u015bmy w stanie sobie pomaga\u0107 i uzupe\u0142ni\u0107 wiedz\u0105. U Partner\u00f3w przede wszystkim cenimy sobie transparentno\u015b\u0107, otwarto\u015b\u0107 na dzielenie si\u0119 do\u015bwiadczeniami, ale te\u017c otwarto\u015b\u0107 na nauk\u0119. Bardzo cieszymy si\u0119 z tego, \u017ce jeste\u015bmy Z\u0142otym Partnerem ASTOR i nie ju\u017c mo\u017cemy si\u0119 doczeka\u0107 realizacji kolejnych wsp\u00f3lnych projekt\u00f3w.<\/p>\r\n\r\n\r\n\r\n<figure class=\"wp-block-gallery has-nested-images columns-default is-cropped wp-block-gallery-2 is-layout-flex wp-block-gallery-is-layout-flex\">\r\n<figure class=\"wp-block-image size-large\"><img loading=\"lazy\" decoding=\"async\" width=\"2560\" height=\"2225\" data-id=\"4815\" src=\"https:\/\/www.astor.com.pl\/biznes-i-produkcja\/wp-content\/uploads\/2022\/06\/Spotkanie-biznesowe-Zlotych-Partnerow-ASTOR_Mediolan-2018-scaled.jpg\" alt=\"\" class=\"wp-image-4815\" srcset=\"https:\/\/www.astor.com.pl\/biznes-i-produkcja\/wp-content\/uploads\/2022\/06\/Spotkanie-biznesowe-Zlotych-Partnerow-ASTOR_Mediolan-2018-scaled.jpg 2560w, https:\/\/www.astor.com.pl\/biznes-i-produkcja\/wp-content\/uploads\/2022\/06\/Spotkanie-biznesowe-Zlotych-Partnerow-ASTOR_Mediolan-2018-744x647.jpg 744w, https:\/\/www.astor.com.pl\/biznes-i-produkcja\/wp-content\/uploads\/2022\/06\/Spotkanie-biznesowe-Zlotych-Partnerow-ASTOR_Mediolan-2018-1200x1043.jpg 1200w, https:\/\/www.astor.com.pl\/biznes-i-produkcja\/wp-content\/uploads\/2022\/06\/Spotkanie-biznesowe-Zlotych-Partnerow-ASTOR_Mediolan-2018-420x365.jpg 420w, https:\/\/www.astor.com.pl\/biznes-i-produkcja\/wp-content\/uploads\/2022\/06\/Spotkanie-biznesowe-Zlotych-Partnerow-ASTOR_Mediolan-2018-768x668.jpg 768w, https:\/\/www.astor.com.pl\/biznes-i-produkcja\/wp-content\/uploads\/2022\/06\/Spotkanie-biznesowe-Zlotych-Partnerow-ASTOR_Mediolan-2018-1536x1335.jpg 1536w, https:\/\/www.astor.com.pl\/biznes-i-produkcja\/wp-content\/uploads\/2022\/06\/Spotkanie-biznesowe-Zlotych-Partnerow-ASTOR_Mediolan-2018-2048x1780.jpg 2048w\" sizes=\"auto, (max-width: 2560px) 100vw, 2560px\" \/><figcaption>Spotkanie biznesowe Z\u0142otych Partner\u00f3w <strong>ASTOR<\/strong><\/figcaption><\/figure>\r\n\r\n\r\n\r\n<figure class=\"wp-block-image size-large\"><img loading=\"lazy\" decoding=\"async\" width=\"2000\" height=\"2000\" data-id=\"4816\" src=\"https:\/\/www.astor.com.pl\/biznes-i-produkcja\/wp-content\/uploads\/2022\/06\/ZLOTY-1.jpg\" alt=\"\" class=\"wp-image-4816\" srcset=\"https:\/\/www.astor.com.pl\/biznes-i-produkcja\/wp-content\/uploads\/2022\/06\/ZLOTY-1.jpg 2000w, https:\/\/www.astor.com.pl\/biznes-i-produkcja\/wp-content\/uploads\/2022\/06\/ZLOTY-1-744x744.jpg 744w, https:\/\/www.astor.com.pl\/biznes-i-produkcja\/wp-content\/uploads\/2022\/06\/ZLOTY-1-1200x1200.jpg 1200w, https:\/\/www.astor.com.pl\/biznes-i-produkcja\/wp-content\/uploads\/2022\/06\/ZLOTY-1-420x420.jpg 420w, https:\/\/www.astor.com.pl\/biznes-i-produkcja\/wp-content\/uploads\/2022\/06\/ZLOTY-1-768x768.jpg 768w, https:\/\/www.astor.com.pl\/biznes-i-produkcja\/wp-content\/uploads\/2022\/06\/ZLOTY-1-1536x1536.jpg 1536w\" sizes=\"auto, (max-width: 2000px) 100vw, 2000px\" \/><figcaption>amiSter  z certyfikatem Z\u0142otego Partnera 2022<\/figcaption><\/figure>\r\n<\/figure>\r\n\r\n\r\n\r\n<p><strong>RP: To do zobaczenia na obiekcie?<\/strong><\/p>\r\n\r\n\r\n\r\n<p><strong>AS: <\/strong>\u2026do kt\u00f3rego wsp\u00f3lnie zajrzymy przez okno optymalizacji, innowacji i udanej realizacji!<\/p>\r\n\r\n\r\n\r\n<div class=\"wp-block-image\"><figure class=\"aligncenter size-full\"><a href=\"https:\/\/amister.pl\/\"><img loading=\"lazy\" decoding=\"async\" width=\"555\" height=\"433\" src=\"https:\/\/www.astor.com.pl\/biznes-i-produkcja\/wp-content\/uploads\/2022\/06\/amister_stopka.jpg\" alt=\"\" class=\"wp-image-4817\" srcset=\"https:\/\/www.astor.com.pl\/biznes-i-produkcja\/wp-content\/uploads\/2022\/06\/amister_stopka.jpg 555w, https:\/\/www.astor.com.pl\/biznes-i-produkcja\/wp-content\/uploads\/2022\/06\/amister_stopka-420x328.jpg 420w\" sizes=\"auto, (max-width: 555px) 100vw, 555px\" \/><\/a><\/figure><\/div>\r\n","protected":false},"excerpt":{"rendered":"<p>Gdyby spojrze\u0107 na \u015bwiat rozwi\u0105za\u0144 dla przemys\u0142u przez okno firmy amiSter, to szybko okaza\u0142oby si\u0119, \u017ce w bran\u017cy motoryzacyjnej  ten \u015bwiat le\u017cy otworem przed in\u017cynierami firmy, kt\u00f3rzy uczestniczyli w projektach prowadzonych w Niemczech, Francji, W\u0142oszech, Wielkiej Brytanii, Hiszpanii, USA, Chinach, Meksyku, Brazylii, Czechach i S\u0142owacji. Co wi\u0119cej, produkty wytwarzane przez firm\u0119 amiSter to w g\u0142\u00f3wnej mierze zautomatyzowane maszyny specjalne i prototypy maszyn oraz stanowiska pracy r\u0119cznej. O tym rozmawiam z Adrianem Stelmachem, kt\u00f3ry jest Dyrektorem Pionu IT, Cz\u0142onkiem<br \/>\nZarz\u0105du. Doradca do spraw wdra\u017cania<br \/>\nkoncepcji Przemys\u0142u 4.0 w zakresie poprawy<br \/>\nidentyfikowalno\u015bci produktu, integracji system\u00f3w przemys\u0142owego IT oraz tworzenia aplikacji zautomatyzowanego pomiaru kluczowych wska\u017anik\u00f3w efektywno\u015bci produkcji. Obecnie<br \/>\nodpowiedzialny za marketing, sprzeda\u017c i realizacj\u0119 wdro\u017ce\u0144 system\u00f3w klasy MES oraz informatyki przemys\u0142owej w zak\u0142adach bran\u017cy automotive, AGD, chemicznej i spo\u017cywczej.<\/p>\n","protected":false},"author":17,"featured_media":7256,"comment_status":"closed","ping_status":"closed","sticky":false,"template":"","format":"standard","meta":{"_acf_changed":false,"inline_featured_image":false,"footnotes":""},"categories":[126],"tags":[88],"class_list":["post-4812","post","type-post","status-publish","format-standard","has-post-thumbnail","hentry","category-wywiady","tag-automatyzacja"],"acf":[],"yoast_head":"<!-- This site is optimized with the Yoast SEO plugin v27.3 - https:\/\/yoast.com\/product\/yoast-seo-wordpress\/ -->\r\n<title>Okno na \u015bwiat optymalizacji i uwolnionego czasu z amiSter | Biznes i Produkcja<\/title>\r\n<meta name=\"description\" content=\"Od automatyzacji i informatyzacji nie ma odwrotu. Nie chodzi o fanaberie, ale czasy w ja- kich \u017cyjemy. Chodzi o rynek pracy, o wymogi, jakie musimy spe\u0142nia\u0107, o zobowi\u0105zania, jakie mamy wobec partner\u00f3w biznesowych. Przede wszystkim o optymalizacje kosztowe, by pozosta\u0107 konkurencyjnym na rynku.\" \/>\r\n<meta name=\"robots\" content=\"index, follow, max-snippet:-1, max-image-preview:large, max-video-preview:-1\" \/>\r\n<link rel=\"canonical\" href=\"https:\/\/www.astor.com.pl\/biznes-i-produkcja\/okno-na-swiat-optymalizacji-i-uwolnionego-czasu-z-amister\/\" \/>\r\n<meta property=\"og:locale\" content=\"pl_PL\" \/>\r\n<meta property=\"og:type\" content=\"article\" \/>\r\n<meta property=\"og:title\" content=\"Okno na \u015bwiat optymalizacji i uwolnionego czasu z amiSter | Biznes i Produkcja\" \/>\r\n<meta property=\"og:description\" content=\"Od automatyzacji i informatyzacji nie ma odwrotu. Nie chodzi o fanaberie, ale czasy w ja- kich \u017cyjemy. Chodzi o rynek pracy, o wymogi, jakie musimy spe\u0142nia\u0107, o zobowi\u0105zania, jakie mamy wobec partner\u00f3w biznesowych. Przede wszystkim o optymalizacje kosztowe, by pozosta\u0107 konkurencyjnym na rynku.\" \/>\r\n<meta property=\"og:url\" content=\"https:\/\/www.astor.com.pl\/biznes-i-produkcja\/okno-na-swiat-optymalizacji-i-uwolnionego-czasu-z-amister\/\" \/>\r\n<meta property=\"og:site_name\" content=\"Biznes i Produkcja\" \/>\r\n<meta property=\"article:publisher\" content=\"https:\/\/www.facebook.com\/ASTOR.automatyzacja\" \/>\r\n<meta property=\"article:published_time\" content=\"2022-06-15T19:29:14+00:00\" \/>\r\n<meta property=\"article:modified_time\" content=\"2023-08-14T12:34:14+00:00\" \/>\r\n<meta property=\"og:image\" content=\"https:\/\/www.astor.com.pl\/biznes-i-produkcja\/wp-content\/uploads\/2022\/06\/adrian-stelmach.webp\" \/>\r\n\t<meta property=\"og:image:width\" content=\"720\" \/>\r\n\t<meta property=\"og:image:height\" content=\"720\" \/>\r\n\t<meta property=\"og:image:type\" content=\"image\/webp\" \/>\r\n<meta name=\"author\" content=\"Renata Poreda\" \/>\r\n<meta name=\"twitter:card\" content=\"summary_large_image\" \/>\r\n<meta name=\"twitter:label1\" content=\"Napisane przez\" \/>\n\t<meta name=\"twitter:data1\" content=\"Renata Poreda\" \/>\n\t<meta name=\"twitter:label2\" content=\"Szacowany czas czytania\" \/>\n\t<meta name=\"twitter:data2\" content=\"13 minut\" \/>\r\n<script type=\"application\/ld+json\" class=\"yoast-schema-graph\">{\"@context\":\"https:\\\/\\\/schema.org\",\"@graph\":[{\"@type\":\"Article\",\"@id\":\"https:\\\/\\\/www.astor.com.pl\\\/biznes-i-produkcja\\\/okno-na-swiat-optymalizacji-i-uwolnionego-czasu-z-amister\\\/#article\",\"isPartOf\":{\"@id\":\"https:\\\/\\\/www.astor.com.pl\\\/biznes-i-produkcja\\\/okno-na-swiat-optymalizacji-i-uwolnionego-czasu-z-amister\\\/\"},\"author\":{\"name\":\"Renata Poreda\",\"@id\":\"https:\\\/\\\/www.astor.com.pl\\\/biznes-i-produkcja\\\/#\\\/schema\\\/person\\\/8459674e8e54c444aca44f32884dd063\"},\"headline\":\"Okno na \u015bwiat optymalizacji i uwolnionego czasu z amiSter\",\"datePublished\":\"2022-06-15T19:29:14+00:00\",\"dateModified\":\"2023-08-14T12:34:14+00:00\",\"mainEntityOfPage\":{\"@id\":\"https:\\\/\\\/www.astor.com.pl\\\/biznes-i-produkcja\\\/okno-na-swiat-optymalizacji-i-uwolnionego-czasu-z-amister\\\/\"},\"wordCount\":2404,\"publisher\":{\"@id\":\"https:\\\/\\\/www.astor.com.pl\\\/biznes-i-produkcja\\\/#organization\"},\"image\":{\"@id\":\"https:\\\/\\\/www.astor.com.pl\\\/biznes-i-produkcja\\\/okno-na-swiat-optymalizacji-i-uwolnionego-czasu-z-amister\\\/#primaryimage\"},\"thumbnailUrl\":\"https:\\\/\\\/www.astor.com.pl\\\/biznes-i-produkcja\\\/wp-content\\\/uploads\\\/2022\\\/06\\\/adrian-stelmach.webp\",\"keywords\":[\"Automatyzacja\"],\"articleSection\":[\"Wywiady\"],\"inLanguage\":\"pl-PL\"},{\"@type\":\"WebPage\",\"@id\":\"https:\\\/\\\/www.astor.com.pl\\\/biznes-i-produkcja\\\/okno-na-swiat-optymalizacji-i-uwolnionego-czasu-z-amister\\\/\",\"url\":\"https:\\\/\\\/www.astor.com.pl\\\/biznes-i-produkcja\\\/okno-na-swiat-optymalizacji-i-uwolnionego-czasu-z-amister\\\/\",\"name\":\"Okno na \u015bwiat optymalizacji i uwolnionego czasu z amiSter | Biznes i Produkcja\",\"isPartOf\":{\"@id\":\"https:\\\/\\\/www.astor.com.pl\\\/biznes-i-produkcja\\\/#website\"},\"primaryImageOfPage\":{\"@id\":\"https:\\\/\\\/www.astor.com.pl\\\/biznes-i-produkcja\\\/okno-na-swiat-optymalizacji-i-uwolnionego-czasu-z-amister\\\/#primaryimage\"},\"image\":{\"@id\":\"https:\\\/\\\/www.astor.com.pl\\\/biznes-i-produkcja\\\/okno-na-swiat-optymalizacji-i-uwolnionego-czasu-z-amister\\\/#primaryimage\"},\"thumbnailUrl\":\"https:\\\/\\\/www.astor.com.pl\\\/biznes-i-produkcja\\\/wp-content\\\/uploads\\\/2022\\\/06\\\/adrian-stelmach.webp\",\"datePublished\":\"2022-06-15T19:29:14+00:00\",\"dateModified\":\"2023-08-14T12:34:14+00:00\",\"description\":\"Od automatyzacji i informatyzacji nie ma odwrotu. Nie chodzi o fanaberie, ale czasy w ja- kich \u017cyjemy. Chodzi o rynek pracy, o wymogi, jakie musimy spe\u0142nia\u0107, o zobowi\u0105zania, jakie mamy wobec partner\u00f3w biznesowych. Przede wszystkim o optymalizacje kosztowe, by pozosta\u0107 konkurencyjnym na rynku.\",\"breadcrumb\":{\"@id\":\"https:\\\/\\\/www.astor.com.pl\\\/biznes-i-produkcja\\\/okno-na-swiat-optymalizacji-i-uwolnionego-czasu-z-amister\\\/#breadcrumb\"},\"inLanguage\":\"pl-PL\",\"potentialAction\":[{\"@type\":\"ReadAction\",\"target\":[\"https:\\\/\\\/www.astor.com.pl\\\/biznes-i-produkcja\\\/okno-na-swiat-optymalizacji-i-uwolnionego-czasu-z-amister\\\/\"]}]},{\"@type\":\"ImageObject\",\"inLanguage\":\"pl-PL\",\"@id\":\"https:\\\/\\\/www.astor.com.pl\\\/biznes-i-produkcja\\\/okno-na-swiat-optymalizacji-i-uwolnionego-czasu-z-amister\\\/#primaryimage\",\"url\":\"https:\\\/\\\/www.astor.com.pl\\\/biznes-i-produkcja\\\/wp-content\\\/uploads\\\/2022\\\/06\\\/adrian-stelmach.webp\",\"contentUrl\":\"https:\\\/\\\/www.astor.com.pl\\\/biznes-i-produkcja\\\/wp-content\\\/uploads\\\/2022\\\/06\\\/adrian-stelmach.webp\",\"width\":720,\"height\":720},{\"@type\":\"BreadcrumbList\",\"@id\":\"https:\\\/\\\/www.astor.com.pl\\\/biznes-i-produkcja\\\/okno-na-swiat-optymalizacji-i-uwolnionego-czasu-z-amister\\\/#breadcrumb\",\"itemListElement\":[{\"@type\":\"ListItem\",\"position\":1,\"name\":\"Wywiady\",\"item\":\"https:\\\/\\\/www.astor.com.pl\\\/biznes-i-produkcja\\\/kategoria\\\/wywiady\\\/\"},{\"@type\":\"ListItem\",\"position\":2,\"name\":\"Okno na \u015bwiat optymalizacji i uwolnionego czasu z amiSter\"}]},{\"@type\":\"WebSite\",\"@id\":\"https:\\\/\\\/www.astor.com.pl\\\/biznes-i-produkcja\\\/#website\",\"url\":\"https:\\\/\\\/www.astor.com.pl\\\/biznes-i-produkcja\\\/\",\"name\":\"Biznes i Produkcja\",\"description\":\"Praktyczne aspekty transformacji do przemys\u0142u przysz\u0142o\u015bci\",\"publisher\":{\"@id\":\"https:\\\/\\\/www.astor.com.pl\\\/biznes-i-produkcja\\\/#organization\"},\"potentialAction\":[{\"@type\":\"SearchAction\",\"target\":{\"@type\":\"EntryPoint\",\"urlTemplate\":\"https:\\\/\\\/www.astor.com.pl\\\/biznes-i-produkcja\\\/?s={search_term_string}\"},\"query-input\":{\"@type\":\"PropertyValueSpecification\",\"valueRequired\":true,\"valueName\":\"search_term_string\"}}],\"inLanguage\":\"pl-PL\"},{\"@type\":\"Organization\",\"@id\":\"https:\\\/\\\/www.astor.com.pl\\\/biznes-i-produkcja\\\/#organization\",\"name\":\"ASTOR | gdzie technologia spotyka cz\u0142owieka\",\"alternateName\":\"ASTOR\",\"url\":\"https:\\\/\\\/www.astor.com.pl\\\/biznes-i-produkcja\\\/\",\"logo\":{\"@type\":\"ImageObject\",\"inLanguage\":\"pl-PL\",\"@id\":\"https:\\\/\\\/www.astor.com.pl\\\/biznes-i-produkcja\\\/#\\\/schema\\\/logo\\\/image\\\/\",\"url\":\"https:\\\/\\\/www.astor.com.pl\\\/biznes-i-produkcja\\\/wp-content\\\/uploads\\\/2017\\\/06\\\/ASTOR_logo.jpg\",\"contentUrl\":\"https:\\\/\\\/www.astor.com.pl\\\/biznes-i-produkcja\\\/wp-content\\\/uploads\\\/2017\\\/06\\\/ASTOR_logo.jpg\",\"width\":185,\"height\":60,\"caption\":\"ASTOR | gdzie technologia spotyka cz\u0142owieka\"},\"image\":{\"@id\":\"https:\\\/\\\/www.astor.com.pl\\\/biznes-i-produkcja\\\/#\\\/schema\\\/logo\\\/image\\\/\"},\"sameAs\":[\"https:\\\/\\\/www.facebook.com\\\/ASTOR.automatyzacja\"]},{\"@type\":\"Person\",\"@id\":\"https:\\\/\\\/www.astor.com.pl\\\/biznes-i-produkcja\\\/#\\\/schema\\\/person\\\/8459674e8e54c444aca44f32884dd063\",\"name\":\"Renata Poreda\",\"image\":{\"@type\":\"ImageObject\",\"inLanguage\":\"pl-PL\",\"@id\":\"https:\\\/\\\/www.astor.com.pl\\\/biznes-i-produkcja\\\/wp-content\\\/uploads\\\/2023\\\/06\\\/cropped-RP2-96x96.png\",\"url\":\"https:\\\/\\\/www.astor.com.pl\\\/biznes-i-produkcja\\\/wp-content\\\/uploads\\\/2023\\\/06\\\/cropped-RP2-96x96.png\",\"contentUrl\":\"https:\\\/\\\/www.astor.com.pl\\\/biznes-i-produkcja\\\/wp-content\\\/uploads\\\/2023\\\/06\\\/cropped-RP2-96x96.png\",\"caption\":\"Renata Poreda\"},\"description\":\"Doradczyni w zakresie PR i wizerunku z ponad 20 letnim do\u015bwiadczeniem. Od ponad 12 lat zwi\u0105zana z bran\u017c\u0105 przemys\u0142ow\u0105 i nowoczesnych technologii. Obecnie \u0142\u0105czy funkcj\u0119 rzeczniczki prasowej FAIRP oraz ASTOR, kt\u00f3ry jest jednym z cz\u0142onk\u00f3w za\u0142o\u017cycieli Zwi\u0105zku Pracodawc\u00f3w Forum Automatyki i Robotyki Polskiej. Wspiera dzia\u0142ania CSR, sponsoringowe oraz wsp\u00f3\u0142tworzy koncepty kreatywne kampanii komunikacyjnych. Redaktor naczelna pisma Biznes i Produkcja w latach 2018-2024. Autorka podcastu o tej samej nazwie. Od 2024 nale\u017cy do Rady Programowej Studi\u00f3w Podyplomowych Public Relations i Brand Management w Instytucie Ekonomii, Finans\u00f3w i Zarz\u0105dzania UJ, wyk\u0142adowczyni UJ. W PSPR, po kilkuletniej przerwie, od 2019 roku. Od 2024 nale\u017cy do Rady Programowej Studi\u00f3w Podyplomowych Public Relations i Brand Management w Instytucie Ekonomii, Finans\u00f3w i Zarz\u0105dzania UJ, kt\u00f3rych PSPR jest partnerem. Wyk\u0142adowczyni UJ. Cz\u0142onkini Sektorowej Rady ds. Kompetencji Sektora Komunikacji Marketingowej kadencji 2025-2029 dzia\u0142aj\u0105cej przy Ministerstwie Funduszy i Polityki Regionalnej. Absolwentka podyplomowych studi\u00f3w w zakresie Public Relations (UJ) oraz Marketingu w sieci (WSE im. ks. J. Tischnera). Uko\u0144czy\u0142a r\u00f3wnie\u017c presti\u017cowy program brytyjskiego instytutu \u201eThe Chartered Institute of Marketing, prowadzony w Polsce przez Questus \u2013 akredytowane centrum egzaminacyjne. Zwolenniczka empatycznej komunikacji, pasjonatka g\u00f3r, biegania i motoryzacji.\",\"sameAs\":[\"https:\\\/\\\/www.linkedin.com\\\/feed\\\/\"],\"url\":\"https:\\\/\\\/www.astor.com.pl\\\/biznes-i-produkcja\\\/author\\\/renatap\\\/\"}]}<\/script>\r\n<!-- \/ Yoast SEO plugin. -->","yoast_head_json":{"title":"Okno na \u015bwiat optymalizacji i uwolnionego czasu z amiSter | Biznes i Produkcja","description":"Od automatyzacji i informatyzacji nie ma odwrotu. Nie chodzi o fanaberie, ale czasy w ja- kich \u017cyjemy. Chodzi o rynek pracy, o wymogi, jakie musimy spe\u0142nia\u0107, o zobowi\u0105zania, jakie mamy wobec partner\u00f3w biznesowych. Przede wszystkim o optymalizacje kosztowe, by pozosta\u0107 konkurencyjnym na rynku.","robots":{"index":"index","follow":"follow","max-snippet":"max-snippet:-1","max-image-preview":"max-image-preview:large","max-video-preview":"max-video-preview:-1"},"canonical":"https:\/\/www.astor.com.pl\/biznes-i-produkcja\/okno-na-swiat-optymalizacji-i-uwolnionego-czasu-z-amister\/","og_locale":"pl_PL","og_type":"article","og_title":"Okno na \u015bwiat optymalizacji i uwolnionego czasu z amiSter | Biznes i Produkcja","og_description":"Od automatyzacji i informatyzacji nie ma odwrotu. Nie chodzi o fanaberie, ale czasy w ja- kich \u017cyjemy. Chodzi o rynek pracy, o wymogi, jakie musimy spe\u0142nia\u0107, o zobowi\u0105zania, jakie mamy wobec partner\u00f3w biznesowych. Przede wszystkim o optymalizacje kosztowe, by pozosta\u0107 konkurencyjnym na rynku.","og_url":"https:\/\/www.astor.com.pl\/biznes-i-produkcja\/okno-na-swiat-optymalizacji-i-uwolnionego-czasu-z-amister\/","og_site_name":"Biznes i Produkcja","article_publisher":"https:\/\/www.facebook.com\/ASTOR.automatyzacja","article_published_time":"2022-06-15T19:29:14+00:00","article_modified_time":"2023-08-14T12:34:14+00:00","og_image":[{"width":720,"height":720,"url":"https:\/\/www.astor.com.pl\/biznes-i-produkcja\/wp-content\/uploads\/2022\/06\/adrian-stelmach.webp","type":"image\/webp"}],"author":"Renata Poreda","twitter_card":"summary_large_image","twitter_misc":{"Napisane przez":"Renata Poreda","Szacowany czas czytania":"13 minut"},"schema":{"@context":"https:\/\/schema.org","@graph":[{"@type":"Article","@id":"https:\/\/www.astor.com.pl\/biznes-i-produkcja\/okno-na-swiat-optymalizacji-i-uwolnionego-czasu-z-amister\/#article","isPartOf":{"@id":"https:\/\/www.astor.com.pl\/biznes-i-produkcja\/okno-na-swiat-optymalizacji-i-uwolnionego-czasu-z-amister\/"},"author":{"name":"Renata Poreda","@id":"https:\/\/www.astor.com.pl\/biznes-i-produkcja\/#\/schema\/person\/8459674e8e54c444aca44f32884dd063"},"headline":"Okno na \u015bwiat optymalizacji i uwolnionego czasu z amiSter","datePublished":"2022-06-15T19:29:14+00:00","dateModified":"2023-08-14T12:34:14+00:00","mainEntityOfPage":{"@id":"https:\/\/www.astor.com.pl\/biznes-i-produkcja\/okno-na-swiat-optymalizacji-i-uwolnionego-czasu-z-amister\/"},"wordCount":2404,"publisher":{"@id":"https:\/\/www.astor.com.pl\/biznes-i-produkcja\/#organization"},"image":{"@id":"https:\/\/www.astor.com.pl\/biznes-i-produkcja\/okno-na-swiat-optymalizacji-i-uwolnionego-czasu-z-amister\/#primaryimage"},"thumbnailUrl":"https:\/\/www.astor.com.pl\/biznes-i-produkcja\/wp-content\/uploads\/2022\/06\/adrian-stelmach.webp","keywords":["Automatyzacja"],"articleSection":["Wywiady"],"inLanguage":"pl-PL"},{"@type":"WebPage","@id":"https:\/\/www.astor.com.pl\/biznes-i-produkcja\/okno-na-swiat-optymalizacji-i-uwolnionego-czasu-z-amister\/","url":"https:\/\/www.astor.com.pl\/biznes-i-produkcja\/okno-na-swiat-optymalizacji-i-uwolnionego-czasu-z-amister\/","name":"Okno na \u015bwiat optymalizacji i uwolnionego czasu z amiSter | Biznes i Produkcja","isPartOf":{"@id":"https:\/\/www.astor.com.pl\/biznes-i-produkcja\/#website"},"primaryImageOfPage":{"@id":"https:\/\/www.astor.com.pl\/biznes-i-produkcja\/okno-na-swiat-optymalizacji-i-uwolnionego-czasu-z-amister\/#primaryimage"},"image":{"@id":"https:\/\/www.astor.com.pl\/biznes-i-produkcja\/okno-na-swiat-optymalizacji-i-uwolnionego-czasu-z-amister\/#primaryimage"},"thumbnailUrl":"https:\/\/www.astor.com.pl\/biznes-i-produkcja\/wp-content\/uploads\/2022\/06\/adrian-stelmach.webp","datePublished":"2022-06-15T19:29:14+00:00","dateModified":"2023-08-14T12:34:14+00:00","description":"Od automatyzacji i informatyzacji nie ma odwrotu. Nie chodzi o fanaberie, ale czasy w ja- kich \u017cyjemy. Chodzi o rynek pracy, o wymogi, jakie musimy spe\u0142nia\u0107, o zobowi\u0105zania, jakie mamy wobec partner\u00f3w biznesowych. Przede wszystkim o optymalizacje kosztowe, by pozosta\u0107 konkurencyjnym na rynku.","breadcrumb":{"@id":"https:\/\/www.astor.com.pl\/biznes-i-produkcja\/okno-na-swiat-optymalizacji-i-uwolnionego-czasu-z-amister\/#breadcrumb"},"inLanguage":"pl-PL","potentialAction":[{"@type":"ReadAction","target":["https:\/\/www.astor.com.pl\/biznes-i-produkcja\/okno-na-swiat-optymalizacji-i-uwolnionego-czasu-z-amister\/"]}]},{"@type":"ImageObject","inLanguage":"pl-PL","@id":"https:\/\/www.astor.com.pl\/biznes-i-produkcja\/okno-na-swiat-optymalizacji-i-uwolnionego-czasu-z-amister\/#primaryimage","url":"https:\/\/www.astor.com.pl\/biznes-i-produkcja\/wp-content\/uploads\/2022\/06\/adrian-stelmach.webp","contentUrl":"https:\/\/www.astor.com.pl\/biznes-i-produkcja\/wp-content\/uploads\/2022\/06\/adrian-stelmach.webp","width":720,"height":720},{"@type":"BreadcrumbList","@id":"https:\/\/www.astor.com.pl\/biznes-i-produkcja\/okno-na-swiat-optymalizacji-i-uwolnionego-czasu-z-amister\/#breadcrumb","itemListElement":[{"@type":"ListItem","position":1,"name":"Wywiady","item":"https:\/\/www.astor.com.pl\/biznes-i-produkcja\/kategoria\/wywiady\/"},{"@type":"ListItem","position":2,"name":"Okno na \u015bwiat optymalizacji i uwolnionego czasu z amiSter"}]},{"@type":"WebSite","@id":"https:\/\/www.astor.com.pl\/biznes-i-produkcja\/#website","url":"https:\/\/www.astor.com.pl\/biznes-i-produkcja\/","name":"Biznes i Produkcja","description":"Praktyczne aspekty transformacji do przemys\u0142u przysz\u0142o\u015bci","publisher":{"@id":"https:\/\/www.astor.com.pl\/biznes-i-produkcja\/#organization"},"potentialAction":[{"@type":"SearchAction","target":{"@type":"EntryPoint","urlTemplate":"https:\/\/www.astor.com.pl\/biznes-i-produkcja\/?s={search_term_string}"},"query-input":{"@type":"PropertyValueSpecification","valueRequired":true,"valueName":"search_term_string"}}],"inLanguage":"pl-PL"},{"@type":"Organization","@id":"https:\/\/www.astor.com.pl\/biznes-i-produkcja\/#organization","name":"ASTOR | gdzie technologia spotyka cz\u0142owieka","alternateName":"ASTOR","url":"https:\/\/www.astor.com.pl\/biznes-i-produkcja\/","logo":{"@type":"ImageObject","inLanguage":"pl-PL","@id":"https:\/\/www.astor.com.pl\/biznes-i-produkcja\/#\/schema\/logo\/image\/","url":"https:\/\/www.astor.com.pl\/biznes-i-produkcja\/wp-content\/uploads\/2017\/06\/ASTOR_logo.jpg","contentUrl":"https:\/\/www.astor.com.pl\/biznes-i-produkcja\/wp-content\/uploads\/2017\/06\/ASTOR_logo.jpg","width":185,"height":60,"caption":"ASTOR | gdzie technologia spotyka cz\u0142owieka"},"image":{"@id":"https:\/\/www.astor.com.pl\/biznes-i-produkcja\/#\/schema\/logo\/image\/"},"sameAs":["https:\/\/www.facebook.com\/ASTOR.automatyzacja"]},{"@type":"Person","@id":"https:\/\/www.astor.com.pl\/biznes-i-produkcja\/#\/schema\/person\/8459674e8e54c444aca44f32884dd063","name":"Renata Poreda","image":{"@type":"ImageObject","inLanguage":"pl-PL","@id":"https:\/\/www.astor.com.pl\/biznes-i-produkcja\/wp-content\/uploads\/2023\/06\/cropped-RP2-96x96.png","url":"https:\/\/www.astor.com.pl\/biznes-i-produkcja\/wp-content\/uploads\/2023\/06\/cropped-RP2-96x96.png","contentUrl":"https:\/\/www.astor.com.pl\/biznes-i-produkcja\/wp-content\/uploads\/2023\/06\/cropped-RP2-96x96.png","caption":"Renata Poreda"},"description":"Doradczyni w zakresie PR i wizerunku z ponad 20 letnim do\u015bwiadczeniem. Od ponad 12 lat zwi\u0105zana z bran\u017c\u0105 przemys\u0142ow\u0105 i nowoczesnych technologii. Obecnie \u0142\u0105czy funkcj\u0119 rzeczniczki prasowej FAIRP oraz ASTOR, kt\u00f3ry jest jednym z cz\u0142onk\u00f3w za\u0142o\u017cycieli Zwi\u0105zku Pracodawc\u00f3w Forum Automatyki i Robotyki Polskiej. Wspiera dzia\u0142ania CSR, sponsoringowe oraz wsp\u00f3\u0142tworzy koncepty kreatywne kampanii komunikacyjnych. Redaktor naczelna pisma Biznes i Produkcja w latach 2018-2024. Autorka podcastu o tej samej nazwie. Od 2024 nale\u017cy do Rady Programowej Studi\u00f3w Podyplomowych Public Relations i Brand Management w Instytucie Ekonomii, Finans\u00f3w i Zarz\u0105dzania UJ, wyk\u0142adowczyni UJ. W PSPR, po kilkuletniej przerwie, od 2019 roku. Od 2024 nale\u017cy do Rady Programowej Studi\u00f3w Podyplomowych Public Relations i Brand Management w Instytucie Ekonomii, Finans\u00f3w i Zarz\u0105dzania UJ, kt\u00f3rych PSPR jest partnerem. Wyk\u0142adowczyni UJ. Cz\u0142onkini Sektorowej Rady ds. Kompetencji Sektora Komunikacji Marketingowej kadencji 2025-2029 dzia\u0142aj\u0105cej przy Ministerstwie Funduszy i Polityki Regionalnej. Absolwentka podyplomowych studi\u00f3w w zakresie Public Relations (UJ) oraz Marketingu w sieci (WSE im. ks. J. Tischnera). Uko\u0144czy\u0142a r\u00f3wnie\u017c presti\u017cowy program brytyjskiego instytutu \u201eThe Chartered Institute of Marketing, prowadzony w Polsce przez Questus \u2013 akredytowane centrum egzaminacyjne. Zwolenniczka empatycznej komunikacji, pasjonatka g\u00f3r, biegania i motoryzacji.","sameAs":["https:\/\/www.linkedin.com\/feed\/"],"url":"https:\/\/www.astor.com.pl\/biznes-i-produkcja\/author\/renatap\/"}]}},"_links":{"self":[{"href":"https:\/\/www.astor.com.pl\/biznes-i-produkcja\/wp-json\/wp\/v2\/posts\/4812","targetHints":{"allow":["GET"]}}],"collection":[{"href":"https:\/\/www.astor.com.pl\/biznes-i-produkcja\/wp-json\/wp\/v2\/posts"}],"about":[{"href":"https:\/\/www.astor.com.pl\/biznes-i-produkcja\/wp-json\/wp\/v2\/types\/post"}],"author":[{"embeddable":true,"href":"https:\/\/www.astor.com.pl\/biznes-i-produkcja\/wp-json\/wp\/v2\/users\/17"}],"replies":[{"embeddable":true,"href":"https:\/\/www.astor.com.pl\/biznes-i-produkcja\/wp-json\/wp\/v2\/comments?post=4812"}],"version-history":[{"count":1,"href":"https:\/\/www.astor.com.pl\/biznes-i-produkcja\/wp-json\/wp\/v2\/posts\/4812\/revisions"}],"predecessor-version":[{"id":6902,"href":"https:\/\/www.astor.com.pl\/biznes-i-produkcja\/wp-json\/wp\/v2\/posts\/4812\/revisions\/6902"}],"wp:featuredmedia":[{"embeddable":true,"href":"https:\/\/www.astor.com.pl\/biznes-i-produkcja\/wp-json\/wp\/v2\/media\/7256"}],"wp:attachment":[{"href":"https:\/\/www.astor.com.pl\/biznes-i-produkcja\/wp-json\/wp\/v2\/media?parent=4812"}],"wp:term":[{"taxonomy":"category","embeddable":true,"href":"https:\/\/www.astor.com.pl\/biznes-i-produkcja\/wp-json\/wp\/v2\/categories?post=4812"},{"taxonomy":"post_tag","embeddable":true,"href":"https:\/\/www.astor.com.pl\/biznes-i-produkcja\/wp-json\/wp\/v2\/tags?post=4812"}],"curies":[{"name":"wp","href":"https:\/\/api.w.org\/{rel}","templated":true}]}}